{"id":15022,"date":"2025-03-18T17:01:42","date_gmt":"2025-03-18T16:01:42","guid":{"rendered":"https:\/\/wgphoto.pl\/t\/?p=15022"},"modified":"2025-03-18T17:01:42","modified_gmt":"2025-03-18T16:01:42","slug":"dobry-wieczor","status":"publish","type":"post","link":"http:\/\/wgphoto.pl\/t\/?p=15022","title":{"rendered":"Dobry wiecz\u00f3r"},"content":{"rendered":"\n<figure class=\"wp-block-image aligncenter size-full\"><img loading=\"lazy\" decoding=\"async\" width=\"1200\" height=\"795\" src=\"https:\/\/wgphoto.pl\/t\/wp-content\/uploads\/2025\/03\/IMGP9170.jpg\" alt=\"\" class=\"wp-image-15023\" srcset=\"http:\/\/wgphoto.pl\/t\/wp-content\/uploads\/2025\/03\/IMGP9170.jpg 1200w, http:\/\/wgphoto.pl\/t\/wp-content\/uploads\/2025\/03\/IMGP9170-300x199.jpg 300w, http:\/\/wgphoto.pl\/t\/wp-content\/uploads\/2025\/03\/IMGP9170-768x509.jpg 768w\" sizes=\"auto, (max-width: 1200px) 100vw, 1200px\" \/><\/figure>\n\n\n\n<div class=\"wp-block-group has-global-padding is-layout-constrained wp-block-group-is-layout-constrained\">\n<p>W mro\u017ane, bezwietrzne i prawie bezchmurne popo\u0142udnie zmrok zapada nad stacj\u0105 Harrachov. Pomimo znanej nazwy, do miejscowo\u015bci jest st\u0105d pieszo dobre p\u00f3\u0142 godziny marszu. Pod skoczni\u0119 narciarsk\u0105 &#8211; jeszcze dalej. Licznie przyje\u017cd\u017caj\u0105cy tu Polacy nie s\u0105 tego \u015bwiadomi. Na szcz\u0119\u015bcie zim\u0105 kursuje dowozowy autobus, skomunikowany z ka\u017cdym poci\u0105giem. Tury\u015bci lub narciarze schodz\u0105cy z g\u00f3r albo tubylcy przybyli troch\u0119 za wcze\u015bnie na poci\u0105g mog\u0105 si\u0119 ogrza\u0107 w sympatycznej knajpie dzia\u0142aj\u0105cej w budynku dworca. Na zewn\u0105trz panuje ogromny spok\u00f3j i cisza, uzupe\u0142niana jedynie delikatnym pomrukiem spalinowego silnika Stadlera. 26.01.2017<\/p>\n<\/div>\n","protected":false},"excerpt":{"rendered":"<p>W mro\u017ane, bezwietrzne i prawie bezchmurne popo\u0142udnie zmrok zapada nad stacj\u0105 Harrachov. Pomimo znanej nazwy, do miejscowo\u015bci jest st\u0105d pieszo dobre p\u00f3\u0142 godziny marszu. Pod skoczni\u0119 narciarsk\u0105 &#8211; jeszcze dalej. Licznie przyje\u017cd\u017caj\u0105cy tu Polacy nie s\u0105 tego \u015bwiadomi. Na szcz\u0119\u015bcie zim\u0105 kursuje dowozowy autobus, skomunikowany z ka\u017cdym poci\u0105giem. Tury\u015bci lub narciarze schodz\u0105cy z g\u00f3r albo [&hellip;]<\/p>\n","protected":false},"author":1,"featured_media":15023,"comment_status":"open","ping_status":"","sticky":false,"template":"","format":"standard","meta":{"footnotes":""},"categories":[2,368],"tags":[3545,1601,50,49,2850,173,162,44,1599,936,90],"class_list":["post-15022","post","type-post","status-publish","format-standard","has-post-thumbnail","hentry","category-kolej","category-rok-2017","tag-2017-01-26","tag-1601","tag-cd","tag-czechy","tag-harrachov","tag-koncowki","tag-niebo","tag-snieg","tag-stadler-regio-shuttle","tag-tab-cz036","tag-wieczorem"],"_links":{"self":[{"href":"http:\/\/wgphoto.pl\/t\/index.php?rest_route=\/wp\/v2\/posts\/15022","targetHints":{"allow":["GET"]}}],"collection":[{"href":"http:\/\/wgphoto.pl\/t\/index.php?rest_route=\/wp\/v2\/posts"}],"about":[{"href":"http:\/\/wgphoto.pl\/t\/index.php?rest_route=\/wp\/v2\/types\/post"}],"author":[{"embeddable":true,"href":"http:\/\/wgphoto.pl\/t\/index.php?rest_route=\/wp\/v2\/users\/1"}],"replies":[{"embeddable":true,"href":"http:\/\/wgphoto.pl\/t\/index.php?rest_route=%2Fwp%2Fv2%2Fcomments&post=15022"}],"version-history":[{"count":1,"href":"http:\/\/wgphoto.pl\/t\/index.php?rest_route=\/wp\/v2\/posts\/15022\/revisions"}],"predecessor-version":[{"id":15024,"href":"http:\/\/wgphoto.pl\/t\/index.php?rest_route=\/wp\/v2\/posts\/15022\/revisions\/15024"}],"wp:featuredmedia":[{"embeddable":true,"href":"http:\/\/wgphoto.pl\/t\/index.php?rest_route=\/wp\/v2\/media\/15023"}],"wp:attachment":[{"href":"http:\/\/wgphoto.pl\/t\/index.php?rest_route=%2Fwp%2Fv2%2Fmedia&parent=15022"}],"wp:term":[{"taxonomy":"category","embeddable":true,"href":"http:\/\/wgphoto.pl\/t\/index.php?rest_route=%2Fwp%2Fv2%2Fcategories&post=15022"},{"taxonomy":"post_tag","embeddable":true,"href":"http:\/\/wgphoto.pl\/t\/index.php?rest_route=%2Fwp%2Fv2%2Ftags&post=15022"}],"curies":[{"name":"wp","href":"https:\/\/api.w.org\/{rel}","templated":true}]}}