{"id":15025,"date":"2025-03-18T17:02:34","date_gmt":"2025-03-18T16:02:34","guid":{"rendered":"https:\/\/wgphoto.pl\/t\/?p=15025"},"modified":"2025-03-18T17:02:34","modified_gmt":"2025-03-18T16:02:34","slug":"pod-gwiazdami","status":"publish","type":"post","link":"http:\/\/wgphoto.pl\/t\/?p=15025","title":{"rendered":"Pod gwiazdami"},"content":{"rendered":"\n<figure class=\"wp-block-image aligncenter size-full\"><img loading=\"lazy\" decoding=\"async\" width=\"1200\" height=\"795\" src=\"https:\/\/wgphoto.pl\/t\/wp-content\/uploads\/2025\/03\/IMGP9175-3.jpg\" alt=\"\" class=\"wp-image-15026\" srcset=\"http:\/\/wgphoto.pl\/t\/wp-content\/uploads\/2025\/03\/IMGP9175-3.jpg 1200w, http:\/\/wgphoto.pl\/t\/wp-content\/uploads\/2025\/03\/IMGP9175-3-300x199.jpg 300w, http:\/\/wgphoto.pl\/t\/wp-content\/uploads\/2025\/03\/IMGP9175-3-768x509.jpg 768w\" sizes=\"auto, (max-width: 1200px) 100vw, 1200px\" \/><\/figure>\n\n\n\n<div class=\"wp-block-group has-global-padding is-layout-constrained wp-block-group-is-layout-constrained\">\n<p>Zdaj\u0119 sobie spraw\u0119, \u017ce efekt mo\u017ce by\u0107 dyskusyjny, ale to moja pierwsza pr\u00f3ba. \ud83d\ude42 Druty i drzewo na tle nieba nie u\u0142atwia\u0142y w\u0142a\u015bciwego &#8222;zmolestowania&#8221; RAW-a, tym niemniej od d\u0142u\u017cszego czasu chcia\u0142em zrobi\u0107 tego typu foto z tramwajem. Szybki przegl\u0105d p\u0119tli pozwoli\u0142 na wytypowanie tylko jednej, gdzie pojazd mo\u017cna ustawi\u0107 tak, aby w kadrze nie by\u0142o \u017cadnego \u017ar\u00f3d\u0142a \u015bwiat\u0142a i jednocze\u015bnie przez ca\u0142y post\u00f3j mo\u017cna sta\u0107 w miejscu, nie b\u0119d\u0105c niepokojonym przez kolejne tramwaje. A \u017ce na Klecinie nie by\u0142em ju\u017c chyba z rok, mimo \u017ce moja zajezdnia obs\u0142uguje na tej linii wiele brygad, to gdy wreszcie dosta\u0142em siedemnastk\u0119 i na dodatek trafi\u0142a si\u0119 bezchmurna noc\u2026 Musz\u0119 to jeszcze dopracowa\u0107 o element w\u0142a\u015bciwego ustawienia tramwaju wzgl\u0119dem drogi mlecznej. \ud83d\ude09 28.01.2017<\/p>\n<\/div>\n","protected":false},"excerpt":{"rendered":"<p>Zdaj\u0119 sobie spraw\u0119, \u017ce efekt mo\u017ce by\u0107 dyskusyjny, ale to moja pierwsza pr\u00f3ba. \ud83d\ude42 Druty i drzewo na tle nieba nie u\u0142atwia\u0142y w\u0142a\u015bciwego &#8222;zmolestowania&#8221; RAW-a, tym niemniej od d\u0142u\u017cszego czasu chcia\u0142em zrobi\u0107 tego typu foto z tramwajem. Szybki przegl\u0105d p\u0119tli pozwoli\u0142 na wytypowanie tylko jednej, gdzie pojazd mo\u017cna ustawi\u0107 tak, aby w kadrze nie by\u0142o [&hellip;]<\/p>\n","protected":false},"author":1,"featured_media":15026,"comment_status":"open","ping_status":"","sticky":false,"template":"","format":"standard","meta":{"footnotes":""},"categories":[368,3],"tags":[43,3546,42,154,27,439,41],"class_list":["post-15025","post","type-post","status-publish","format-standard","has-post-thumbnail","hentry","category-rok-2017","category-tramwaj","tag-105nwr","tag-2017-01-28","tag-mpk-wroclaw","tag-noc","tag-polska","tag-we-fabryce","tag-wroclaw"],"_links":{"self":[{"href":"http:\/\/wgphoto.pl\/t\/index.php?rest_route=\/wp\/v2\/posts\/15025","targetHints":{"allow":["GET"]}}],"collection":[{"href":"http:\/\/wgphoto.pl\/t\/index.php?rest_route=\/wp\/v2\/posts"}],"about":[{"href":"http:\/\/wgphoto.pl\/t\/index.php?rest_route=\/wp\/v2\/types\/post"}],"author":[{"embeddable":true,"href":"http:\/\/wgphoto.pl\/t\/index.php?rest_route=\/wp\/v2\/users\/1"}],"replies":[{"embeddable":true,"href":"http:\/\/wgphoto.pl\/t\/index.php?rest_route=%2Fwp%2Fv2%2Fcomments&post=15025"}],"version-history":[{"count":1,"href":"http:\/\/wgphoto.pl\/t\/index.php?rest_route=\/wp\/v2\/posts\/15025\/revisions"}],"predecessor-version":[{"id":15027,"href":"http:\/\/wgphoto.pl\/t\/index.php?rest_route=\/wp\/v2\/posts\/15025\/revisions\/15027"}],"wp:featuredmedia":[{"embeddable":true,"href":"http:\/\/wgphoto.pl\/t\/index.php?rest_route=\/wp\/v2\/media\/15026"}],"wp:attachment":[{"href":"http:\/\/wgphoto.pl\/t\/index.php?rest_route=%2Fwp%2Fv2%2Fmedia&parent=15025"}],"wp:term":[{"taxonomy":"category","embeddable":true,"href":"http:\/\/wgphoto.pl\/t\/index.php?rest_route=%2Fwp%2Fv2%2Fcategories&post=15025"},{"taxonomy":"post_tag","embeddable":true,"href":"http:\/\/wgphoto.pl\/t\/index.php?rest_route=%2Fwp%2Fv2%2Ftags&post=15025"}],"curies":[{"name":"wp","href":"https:\/\/api.w.org\/{rel}","templated":true}]}}