{"id":15067,"date":"2025-03-18T17:15:21","date_gmt":"2025-03-18T16:15:21","guid":{"rendered":"https:\/\/wgphoto.pl\/t\/?p=15067"},"modified":"2025-03-18T17:15:21","modified_gmt":"2025-03-18T16:15:21","slug":"schron","status":"publish","type":"post","link":"http:\/\/wgphoto.pl\/t\/?p=15067","title":{"rendered":"Schron"},"content":{"rendered":"\n<figure class=\"wp-block-image aligncenter size-full\"><img loading=\"lazy\" decoding=\"async\" width=\"1200\" height=\"795\" src=\"https:\/\/wgphoto.pl\/t\/wp-content\/uploads\/2025\/03\/IMGP7008.jpg\" alt=\"\" class=\"wp-image-15068\" srcset=\"http:\/\/wgphoto.pl\/t\/wp-content\/uploads\/2025\/03\/IMGP7008.jpg 1200w, http:\/\/wgphoto.pl\/t\/wp-content\/uploads\/2025\/03\/IMGP7008-300x199.jpg 300w, http:\/\/wgphoto.pl\/t\/wp-content\/uploads\/2025\/03\/IMGP7008-768x509.jpg 768w\" sizes=\"auto, (max-width: 1200px) 100vw, 1200px\" \/><\/figure>\n\n\n\n<div class=\"wp-block-group has-global-padding is-layout-constrained wp-block-group-is-layout-constrained\">\n<p>Przed deszczem z wcze\u015bniejszego zdj\u0119cia, mocno przemoczony schroni\u0142em si\u0119 w metrze. Sporo stacji okaza\u0142o si\u0119 by\u0107 zaprojektowanych w duchu &#8222;praktycznego minimalizmu&#8221;, ale &#8211; zw\u0142aszcza na nowszych trasach &#8211; uda\u0142o mi si\u0119 znale\u017a\u0107 r\u00f3wnie\u017c ciekawsze obiekty. Na zdj\u0119ciu tunel \u0142\u0105cz\u0105cy perony linii M2 i M6 na w\u0119z\u0142owej stacji Levent (rocznik 2015). Sama linia M6 jest bardzo ciekawa. Liczy tylko cztery stacje (w tym dwie ko\u0144cowe), w ca\u0142o\u015bci jest poprowadzona pod ziemi\u0105, wszystkie szlaki s\u0105 jednotorowe, a ka\u017cda stacja jest mijank\u0105. W zwi\u0105zku z obiekcjami tureckiej obs\u0142ugi do wyci\u0105gania aparatu nie b\u0119dzie jednak zdj\u0119\u0107 ze stacji r\u00f3wnie atrakcyjnych jak powy\u017cszy tunel. \ud83d\ude09 05.10.2016<\/p>\n<\/div>\n","protected":false},"excerpt":{"rendered":"<p>Przed deszczem z wcze\u015bniejszego zdj\u0119cia, mocno przemoczony schroni\u0142em si\u0119 w metrze. Sporo stacji okaza\u0142o si\u0119 by\u0107 zaprojektowanych w duchu &#8222;praktycznego minimalizmu&#8221;, ale &#8211; zw\u0142aszcza na nowszych trasach &#8211; uda\u0142o mi si\u0119 znale\u017a\u0107 r\u00f3wnie\u017c ciekawsze obiekty. Na zdj\u0119ciu tunel \u0142\u0105cz\u0105cy perony linii M2 i M6 na w\u0119z\u0142owej stacji Levent (rocznik 2015). Sama linia M6 jest bardzo [&hellip;]<\/p>\n","protected":false},"author":1,"featured_media":15068,"comment_status":"open","ping_status":"","sticky":false,"template":"","format":"standard","meta":{"footnotes":""},"categories":[220,4,125],"tags":[1671,3248,1670,927,931],"class_list":["post-15067","post","type-post","status-publish","format-standard","has-post-thumbnail","hentry","category-blo","category-metro","category-rok-2016","tag-2016-10-05","tag-metro-istanbul","tag-stambul","tag-turcja","tag-turcja-2016"],"_links":{"self":[{"href":"http:\/\/wgphoto.pl\/t\/index.php?rest_route=\/wp\/v2\/posts\/15067","targetHints":{"allow":["GET"]}}],"collection":[{"href":"http:\/\/wgphoto.pl\/t\/index.php?rest_route=\/wp\/v2\/posts"}],"about":[{"href":"http:\/\/wgphoto.pl\/t\/index.php?rest_route=\/wp\/v2\/types\/post"}],"author":[{"embeddable":true,"href":"http:\/\/wgphoto.pl\/t\/index.php?rest_route=\/wp\/v2\/users\/1"}],"replies":[{"embeddable":true,"href":"http:\/\/wgphoto.pl\/t\/index.php?rest_route=%2Fwp%2Fv2%2Fcomments&post=15067"}],"version-history":[{"count":1,"href":"http:\/\/wgphoto.pl\/t\/index.php?rest_route=\/wp\/v2\/posts\/15067\/revisions"}],"predecessor-version":[{"id":15069,"href":"http:\/\/wgphoto.pl\/t\/index.php?rest_route=\/wp\/v2\/posts\/15067\/revisions\/15069"}],"wp:featuredmedia":[{"embeddable":true,"href":"http:\/\/wgphoto.pl\/t\/index.php?rest_route=\/wp\/v2\/media\/15068"}],"wp:attachment":[{"href":"http:\/\/wgphoto.pl\/t\/index.php?rest_route=%2Fwp%2Fv2%2Fmedia&parent=15067"}],"wp:term":[{"taxonomy":"category","embeddable":true,"href":"http:\/\/wgphoto.pl\/t\/index.php?rest_route=%2Fwp%2Fv2%2Fcategories&post=15067"},{"taxonomy":"post_tag","embeddable":true,"href":"http:\/\/wgphoto.pl\/t\/index.php?rest_route=%2Fwp%2Fv2%2Ftags&post=15067"}],"curies":[{"name":"wp","href":"https:\/\/api.w.org\/{rel}","templated":true}]}}