{"id":15080,"date":"2025-03-18T17:19:06","date_gmt":"2025-03-18T16:19:06","guid":{"rendered":"https:\/\/wgphoto.pl\/t\/?p=15080"},"modified":"2025-03-18T17:19:06","modified_gmt":"2025-03-18T16:19:06","slug":"slonca-mamy-pod-dostatkiem","status":"publish","type":"post","link":"http:\/\/wgphoto.pl\/t\/?p=15080","title":{"rendered":"S\u0142o\u0144ca mamy pod dostatkiem"},"content":{"rendered":"\n<figure class=\"wp-block-image aligncenter size-full\"><img loading=\"lazy\" decoding=\"async\" width=\"1200\" height=\"795\" src=\"https:\/\/wgphoto.pl\/t\/wp-content\/uploads\/2025\/03\/IMGP7518.jpg\" alt=\"\" class=\"wp-image-15081\" srcset=\"http:\/\/wgphoto.pl\/t\/wp-content\/uploads\/2025\/03\/IMGP7518.jpg 1200w, http:\/\/wgphoto.pl\/t\/wp-content\/uploads\/2025\/03\/IMGP7518-300x199.jpg 300w, http:\/\/wgphoto.pl\/t\/wp-content\/uploads\/2025\/03\/IMGP7518-768x509.jpg 768w\" sizes=\"auto, (max-width: 1200px) 100vw, 1200px\" \/><\/figure>\n\n\n\n<div class=\"wp-block-group has-global-padding is-layout-constrained wp-block-group-is-layout-constrained\">\n<p>Maszyny z poprzedniego zdj\u0119cia z\u0142apane w kadrze nieco mniej porz\u0105dnym, ale za to pokazuj\u0105cym m.in. to, \u017ce latarnie zwrotnicowe s\u0105 w Turcji zasilane bateriami s\u0142onecznymi. 07.10.2016<\/p>\n<\/div>\n","protected":false},"excerpt":{"rendered":"<p>Maszyny z poprzedniego zdj\u0119cia z\u0142apane w kadrze nieco mniej porz\u0105dnym, ale za to pokazuj\u0105cym m.in. to, \u017ce latarnie zwrotnicowe s\u0105 w Turcji zasilane bateriami s\u0142onecznymi. 07.10.2016<\/p>\n","protected":false},"author":1,"featured_media":15081,"comment_status":"open","ping_status":"","sticky":false,"template":"","format":"standard","meta":{"footnotes":""},"categories":[2,125],"tags":[929,928,359,3550,927,931,231],"class_list":["post-15080","post","type-post","status-publish","format-standard","has-post-thumbnail","hentry","category-kolej","category-rok-2016","tag-2016-10-07","tag-konya","tag-lokomotywownia","tag-tcdd","tag-turcja","tag-turcja-2016","tag-wieza-cisnien"],"_links":{"self":[{"href":"http:\/\/wgphoto.pl\/t\/index.php?rest_route=\/wp\/v2\/posts\/15080","targetHints":{"allow":["GET"]}}],"collection":[{"href":"http:\/\/wgphoto.pl\/t\/index.php?rest_route=\/wp\/v2\/posts"}],"about":[{"href":"http:\/\/wgphoto.pl\/t\/index.php?rest_route=\/wp\/v2\/types\/post"}],"author":[{"embeddable":true,"href":"http:\/\/wgphoto.pl\/t\/index.php?rest_route=\/wp\/v2\/users\/1"}],"replies":[{"embeddable":true,"href":"http:\/\/wgphoto.pl\/t\/index.php?rest_route=%2Fwp%2Fv2%2Fcomments&post=15080"}],"version-history":[{"count":1,"href":"http:\/\/wgphoto.pl\/t\/index.php?rest_route=\/wp\/v2\/posts\/15080\/revisions"}],"predecessor-version":[{"id":15082,"href":"http:\/\/wgphoto.pl\/t\/index.php?rest_route=\/wp\/v2\/posts\/15080\/revisions\/15082"}],"wp:featuredmedia":[{"embeddable":true,"href":"http:\/\/wgphoto.pl\/t\/index.php?rest_route=\/wp\/v2\/media\/15081"}],"wp:attachment":[{"href":"http:\/\/wgphoto.pl\/t\/index.php?rest_route=%2Fwp%2Fv2%2Fmedia&parent=15080"}],"wp:term":[{"taxonomy":"category","embeddable":true,"href":"http:\/\/wgphoto.pl\/t\/index.php?rest_route=%2Fwp%2Fv2%2Fcategories&post=15080"},{"taxonomy":"post_tag","embeddable":true,"href":"http:\/\/wgphoto.pl\/t\/index.php?rest_route=%2Fwp%2Fv2%2Ftags&post=15080"}],"curies":[{"name":"wp","href":"https:\/\/api.w.org\/{rel}","templated":true}]}}