{"id":15153,"date":"2025-03-23T21:22:25","date_gmt":"2025-03-23T20:22:25","guid":{"rendered":"https:\/\/wgphoto.pl\/t\/?p=15153"},"modified":"2025-03-23T21:22:39","modified_gmt":"2025-03-23T20:22:39","slug":"moravany","status":"publish","type":"post","link":"http:\/\/wgphoto.pl\/t\/?p=15153","title":{"rendered":"Moravany"},"content":{"rendered":"\n<figure class=\"wp-block-image aligncenter size-full\"><img loading=\"lazy\" decoding=\"async\" width=\"1200\" height=\"803\" src=\"https:\/\/wgphoto.pl\/t\/wp-content\/uploads\/2025\/03\/IMGP7951.jpg\" alt=\"\" class=\"wp-image-15154\" srcset=\"http:\/\/wgphoto.pl\/t\/wp-content\/uploads\/2025\/03\/IMGP7951.jpg 1200w, http:\/\/wgphoto.pl\/t\/wp-content\/uploads\/2025\/03\/IMGP7951-300x201.jpg 300w, http:\/\/wgphoto.pl\/t\/wp-content\/uploads\/2025\/03\/IMGP7951-768x514.jpg 768w\" sizes=\"auto, (max-width: 1200px) 100vw, 1200px\" \/><\/figure>\n\n\n\n<div class=\"wp-block-group has-global-padding is-layout-constrained wp-block-group-is-layout-constrained\">\n<p>Na g\u0142\u00f3wnej czeskiej magistrali po modernizacji znalaz\u0142o si\u0119 r\u00f3wnie\u017c miejsce dla niskich peron\u00f3w i dy\u017curnego ruchu obserwuj\u0105cego przejazd ka\u017cdego poci\u0105gu. W kadrze akurat przez stacj\u0119 przelatuje pe\u0142n\u0105 140-stk\u0105 (na tyle pozwala vmax lokomotywy) Ex 151 &#8222;Jan Perner&#8221; z Prahy hl.n. do \u017diliny. 20.04.2012<\/p>\n<\/div>\n","protected":false},"excerpt":{"rendered":"<p>Na g\u0142\u00f3wnej czeskiej magistrali po modernizacji znalaz\u0142o si\u0119 r\u00f3wnie\u017c miejsce dla niskich peron\u00f3w i dy\u017curnego ruchu obserwuj\u0105cego przejazd ka\u017cdego poci\u0105gu. W kadrze akurat przez stacj\u0119 przelatuje pe\u0142n\u0105 140-stk\u0105 (na tyle pozwala vmax lokomotywy) Ex 151 &#8222;Jan Perner&#8221; z Prahy hl.n. do \u017diliny. 20.04.2012<\/p>\n","protected":false},"author":1,"featured_media":15154,"comment_status":"open","ping_status":"","sticky":false,"template":"","format":"standard","meta":{"footnotes":""},"categories":[2,46],"tags":[1966,2796,50,49,2116,1375],"class_list":["post-15153","post","type-post","status-publish","format-standard","has-post-thumbnail","hentry","category-kolej","category-rok-2012","tag-1966","tag-2012-04-20","tag-cd","tag-czechy","tag-moravany","tag-tab-cz010"],"_links":{"self":[{"href":"http:\/\/wgphoto.pl\/t\/index.php?rest_route=\/wp\/v2\/posts\/15153","targetHints":{"allow":["GET"]}}],"collection":[{"href":"http:\/\/wgphoto.pl\/t\/index.php?rest_route=\/wp\/v2\/posts"}],"about":[{"href":"http:\/\/wgphoto.pl\/t\/index.php?rest_route=\/wp\/v2\/types\/post"}],"author":[{"embeddable":true,"href":"http:\/\/wgphoto.pl\/t\/index.php?rest_route=\/wp\/v2\/users\/1"}],"replies":[{"embeddable":true,"href":"http:\/\/wgphoto.pl\/t\/index.php?rest_route=%2Fwp%2Fv2%2Fcomments&post=15153"}],"version-history":[{"count":1,"href":"http:\/\/wgphoto.pl\/t\/index.php?rest_route=\/wp\/v2\/posts\/15153\/revisions"}],"predecessor-version":[{"id":15155,"href":"http:\/\/wgphoto.pl\/t\/index.php?rest_route=\/wp\/v2\/posts\/15153\/revisions\/15155"}],"wp:featuredmedia":[{"embeddable":true,"href":"http:\/\/wgphoto.pl\/t\/index.php?rest_route=\/wp\/v2\/media\/15154"}],"wp:attachment":[{"href":"http:\/\/wgphoto.pl\/t\/index.php?rest_route=%2Fwp%2Fv2%2Fmedia&parent=15153"}],"wp:term":[{"taxonomy":"category","embeddable":true,"href":"http:\/\/wgphoto.pl\/t\/index.php?rest_route=%2Fwp%2Fv2%2Fcategories&post=15153"},{"taxonomy":"post_tag","embeddable":true,"href":"http:\/\/wgphoto.pl\/t\/index.php?rest_route=%2Fwp%2Fv2%2Ftags&post=15153"}],"curies":[{"name":"wp","href":"https:\/\/api.w.org\/{rel}","templated":true}]}}