{"id":15156,"date":"2025-03-23T21:23:40","date_gmt":"2025-03-23T20:23:40","guid":{"rendered":"https:\/\/wgphoto.pl\/t\/?p=15156"},"modified":"2025-03-23T21:23:40","modified_gmt":"2025-03-23T20:23:40","slug":"pionowa-mijanka-z-pendo","status":"publish","type":"post","link":"http:\/\/wgphoto.pl\/t\/?p=15156","title":{"rendered":"Pionowa mijanka z Pendo"},"content":{"rendered":"\n<figure class=\"wp-block-image aligncenter size-full\"><img loading=\"lazy\" decoding=\"async\" width=\"788\" height=\"1050\" src=\"https:\/\/wgphoto.pl\/t\/wp-content\/uploads\/2025\/03\/IMGP7842-1.jpg\" alt=\"\" class=\"wp-image-15157\" srcset=\"http:\/\/wgphoto.pl\/t\/wp-content\/uploads\/2025\/03\/IMGP7842-1.jpg 788w, http:\/\/wgphoto.pl\/t\/wp-content\/uploads\/2025\/03\/IMGP7842-1-225x300.jpg 225w, http:\/\/wgphoto.pl\/t\/wp-content\/uploads\/2025\/03\/IMGP7842-1-768x1023.jpg 768w\" sizes=\"auto, (max-width: 788px) 100vw, 788px\" \/><\/figure>\n\n\n\n<div class=\"wp-block-group has-global-padding is-layout-constrained wp-block-group-is-layout-constrained\">\n<p>Eso 362.163-8 prowadzi kr\u0119tym szlakiem Brand\u00fds nad Orlic\u00ed &#8211; \u00dast\u00ed nad Orlic\u00ed rychlik 869 &#8222;Punkva&#8221; relacji Praha hl.n. &#8211; Brno hl.n. 20.04.2012<\/p>\n<\/div>\n","protected":false},"excerpt":{"rendered":"<p>Eso 362.163-8 prowadzi kr\u0119tym szlakiem Brand\u00fds nad Orlic\u00ed &#8211; \u00dast\u00ed nad Orlic\u00ed rychlik 869 &#8222;Punkva&#8221; relacji Praha hl.n. &#8211; Brno hl.n. 20.04.2012<\/p>\n","protected":false},"author":1,"featured_media":15157,"comment_status":"open","ping_status":"","sticky":false,"template":"","format":"standard","meta":{"footnotes":""},"categories":[2,128,46],"tags":[2796,1362,1713,50,49,389,754,118,1375,87],"class_list":["post-15156","post","type-post","status-publish","format-standard","has-post-thumbnail","hentry","category-kolej","category-pionowe","category-rok-2012","tag-2012-04-20","tag-1362","tag-bezpravi","tag-cd","tag-czechy","tag-mijanka","tag-pendolino","tag-plany-i-profile","tag-tab-cz010","tag-usti-nad-orlici"],"_links":{"self":[{"href":"http:\/\/wgphoto.pl\/t\/index.php?rest_route=\/wp\/v2\/posts\/15156","targetHints":{"allow":["GET"]}}],"collection":[{"href":"http:\/\/wgphoto.pl\/t\/index.php?rest_route=\/wp\/v2\/posts"}],"about":[{"href":"http:\/\/wgphoto.pl\/t\/index.php?rest_route=\/wp\/v2\/types\/post"}],"author":[{"embeddable":true,"href":"http:\/\/wgphoto.pl\/t\/index.php?rest_route=\/wp\/v2\/users\/1"}],"replies":[{"embeddable":true,"href":"http:\/\/wgphoto.pl\/t\/index.php?rest_route=%2Fwp%2Fv2%2Fcomments&post=15156"}],"version-history":[{"count":1,"href":"http:\/\/wgphoto.pl\/t\/index.php?rest_route=\/wp\/v2\/posts\/15156\/revisions"}],"predecessor-version":[{"id":15158,"href":"http:\/\/wgphoto.pl\/t\/index.php?rest_route=\/wp\/v2\/posts\/15156\/revisions\/15158"}],"wp:featuredmedia":[{"embeddable":true,"href":"http:\/\/wgphoto.pl\/t\/index.php?rest_route=\/wp\/v2\/media\/15157"}],"wp:attachment":[{"href":"http:\/\/wgphoto.pl\/t\/index.php?rest_route=%2Fwp%2Fv2%2Fmedia&parent=15156"}],"wp:term":[{"taxonomy":"category","embeddable":true,"href":"http:\/\/wgphoto.pl\/t\/index.php?rest_route=%2Fwp%2Fv2%2Fcategories&post=15156"},{"taxonomy":"post_tag","embeddable":true,"href":"http:\/\/wgphoto.pl\/t\/index.php?rest_route=%2Fwp%2Fv2%2Ftags&post=15156"}],"curies":[{"name":"wp","href":"https:\/\/api.w.org\/{rel}","templated":true}]}}