{"id":15159,"date":"2025-03-23T21:24:49","date_gmt":"2025-03-23T20:24:49","guid":{"rendered":"https:\/\/wgphoto.pl\/t\/?p=15159"},"modified":"2025-03-23T21:24:49","modified_gmt":"2025-03-23T20:24:49","slug":"pozioma-mijanka-z-pendo","status":"publish","type":"post","link":"http:\/\/wgphoto.pl\/t\/?p=15159","title":{"rendered":"Pozioma mijanka z Pendo"},"content":{"rendered":"\n<figure class=\"wp-block-image aligncenter size-full\"><img loading=\"lazy\" decoding=\"async\" width=\"1200\" height=\"803\" src=\"https:\/\/wgphoto.pl\/t\/wp-content\/uploads\/2025\/03\/IMGP7890.jpg\" alt=\"\" class=\"wp-image-15160\" srcset=\"http:\/\/wgphoto.pl\/t\/wp-content\/uploads\/2025\/03\/IMGP7890.jpg 1200w, http:\/\/wgphoto.pl\/t\/wp-content\/uploads\/2025\/03\/IMGP7890-300x201.jpg 300w, http:\/\/wgphoto.pl\/t\/wp-content\/uploads\/2025\/03\/IMGP7890-768x514.jpg 768w\" sizes=\"auto, (max-width: 1200px) 100vw, 1200px\" \/><\/figure>\n\n\n\n<div class=\"wp-block-group has-global-padding is-layout-constrained wp-block-group-is-layout-constrained\">\n<p>Dwie godziny p\u00f3\u017aniej mijanka przenios\u0142a si\u0119 wraz ze mn\u0105 par\u0119 kilometr\u00f3w dalej. Cykliczny rozk\u0142ad jazdy u\u0142atwia planowanie tego typu zdj\u0119\u0107 (chocia\u017c ja tam \u017cadnych plan\u00f3w co do mijanki nie mia\u0142em), oba poci\u0105gi z poprzedniego zdj\u0119cia maj\u0105 bowiem swoich nast\u0119pc\u00f3w jad\u0105cych dok\u0142adnie dwie godziny p\u00f3\u017aniej. 20.04.2012<\/p>\n<\/div>\n","protected":false},"excerpt":{"rendered":"<p>Dwie godziny p\u00f3\u017aniej mijanka przenios\u0142a si\u0119 wraz ze mn\u0105 par\u0119 kilometr\u00f3w dalej. Cykliczny rozk\u0142ad jazdy u\u0142atwia planowanie tego typu zdj\u0119\u0107 (chocia\u017c ja tam \u017cadnych plan\u00f3w co do mijanki nie mia\u0142em), oba poci\u0105gi z poprzedniego zdj\u0119cia maj\u0105 bowiem swoich nast\u0119pc\u00f3w jad\u0105cych dok\u0142adnie dwie godziny p\u00f3\u017aniej. 20.04.2012<\/p>\n","protected":false},"author":1,"featured_media":15160,"comment_status":"open","ping_status":"","sticky":false,"template":"","format":"standard","meta":{"footnotes":""},"categories":[2,46],"tags":[2796,1362,1713,50,49,389,1375],"class_list":["post-15159","post","type-post","status-publish","format-standard","has-post-thumbnail","hentry","category-kolej","category-rok-2012","tag-2012-04-20","tag-1362","tag-bezpravi","tag-cd","tag-czechy","tag-mijanka","tag-tab-cz010"],"_links":{"self":[{"href":"http:\/\/wgphoto.pl\/t\/index.php?rest_route=\/wp\/v2\/posts\/15159","targetHints":{"allow":["GET"]}}],"collection":[{"href":"http:\/\/wgphoto.pl\/t\/index.php?rest_route=\/wp\/v2\/posts"}],"about":[{"href":"http:\/\/wgphoto.pl\/t\/index.php?rest_route=\/wp\/v2\/types\/post"}],"author":[{"embeddable":true,"href":"http:\/\/wgphoto.pl\/t\/index.php?rest_route=\/wp\/v2\/users\/1"}],"replies":[{"embeddable":true,"href":"http:\/\/wgphoto.pl\/t\/index.php?rest_route=%2Fwp%2Fv2%2Fcomments&post=15159"}],"version-history":[{"count":1,"href":"http:\/\/wgphoto.pl\/t\/index.php?rest_route=\/wp\/v2\/posts\/15159\/revisions"}],"predecessor-version":[{"id":15161,"href":"http:\/\/wgphoto.pl\/t\/index.php?rest_route=\/wp\/v2\/posts\/15159\/revisions\/15161"}],"wp:featuredmedia":[{"embeddable":true,"href":"http:\/\/wgphoto.pl\/t\/index.php?rest_route=\/wp\/v2\/media\/15160"}],"wp:attachment":[{"href":"http:\/\/wgphoto.pl\/t\/index.php?rest_route=%2Fwp%2Fv2%2Fmedia&parent=15159"}],"wp:term":[{"taxonomy":"category","embeddable":true,"href":"http:\/\/wgphoto.pl\/t\/index.php?rest_route=%2Fwp%2Fv2%2Fcategories&post=15159"},{"taxonomy":"post_tag","embeddable":true,"href":"http:\/\/wgphoto.pl\/t\/index.php?rest_route=%2Fwp%2Fv2%2Ftags&post=15159"}],"curies":[{"name":"wp","href":"https:\/\/api.w.org\/{rel}","templated":true}]}}