{"id":15187,"date":"2025-03-28T21:11:21","date_gmt":"2025-03-28T20:11:21","guid":{"rendered":"https:\/\/wgphoto.pl\/t\/?p=15187"},"modified":"2025-03-28T21:11:21","modified_gmt":"2025-03-28T20:11:21","slug":"trojgarb","status":"publish","type":"post","link":"http:\/\/wgphoto.pl\/t\/?p=15187","title":{"rendered":"Tr\u00f3jgarb"},"content":{"rendered":"\n<figure class=\"wp-block-image aligncenter size-full\"><img loading=\"lazy\" decoding=\"async\" width=\"1200\" height=\"675\" src=\"https:\/\/wgphoto.pl\/t\/wp-content\/uploads\/2025\/03\/0739-04a.jpg\" alt=\"\" class=\"wp-image-15188\" srcset=\"http:\/\/wgphoto.pl\/t\/wp-content\/uploads\/2025\/03\/0739-04a.jpg 1200w, http:\/\/wgphoto.pl\/t\/wp-content\/uploads\/2025\/03\/0739-04a-300x169.jpg 300w, http:\/\/wgphoto.pl\/t\/wp-content\/uploads\/2025\/03\/0739-04a-768x432.jpg 768w\" sizes=\"auto, (max-width: 1200px) 100vw, 1200px\" \/><\/figure>\n\n\n\n<div class=\"wp-block-group has-global-padding is-layout-constrained wp-block-group-is-layout-constrained\">\n<p>EU07-167 z poci\u0105giem przyspieszonym &#8222;Kamie\u0144czyk&#8221; z Poznania do Szklarskiej Por\u0119by mija zabudowania wsi Jaczk\u00f3w. Perspektyw\u0119 zamyka Tr\u00f3jgarb (778 m n.p.m.). 26.12.2007<\/p>\n<\/div>\n","protected":false},"excerpt":{"rendered":"<p>EU07-167 z poci\u0105giem przyspieszonym &#8222;Kamie\u0144czyk&#8221; z Poznania do Szklarskiej Por\u0119by mija zabudowania wsi Jaczk\u00f3w. Perspektyw\u0119 zamyka Tr\u00f3jgarb (778 m n.p.m.). 26.12.2007<\/p>\n","protected":false},"author":1,"featured_media":15188,"comment_status":"open","ping_status":"","sticky":false,"template":"","format":"standard","meta":{"footnotes":""},"categories":[62,2,96],"tags":[2899,122,114,63,27,1061,200,1433],"class_list":["post-15187","post","type-post","status-publish","format-standard","has-post-thumbnail","hentry","category-analog","category-kolej","category-rok-2007","tag-2007-12-26","tag-eu07","tag-gory","tag-pkp","tag-polska","tag-sedzislaw","tag-tab-pl240","tag-witkow-slaski"],"_links":{"self":[{"href":"http:\/\/wgphoto.pl\/t\/index.php?rest_route=\/wp\/v2\/posts\/15187","targetHints":{"allow":["GET"]}}],"collection":[{"href":"http:\/\/wgphoto.pl\/t\/index.php?rest_route=\/wp\/v2\/posts"}],"about":[{"href":"http:\/\/wgphoto.pl\/t\/index.php?rest_route=\/wp\/v2\/types\/post"}],"author":[{"embeddable":true,"href":"http:\/\/wgphoto.pl\/t\/index.php?rest_route=\/wp\/v2\/users\/1"}],"replies":[{"embeddable":true,"href":"http:\/\/wgphoto.pl\/t\/index.php?rest_route=%2Fwp%2Fv2%2Fcomments&post=15187"}],"version-history":[{"count":1,"href":"http:\/\/wgphoto.pl\/t\/index.php?rest_route=\/wp\/v2\/posts\/15187\/revisions"}],"predecessor-version":[{"id":15189,"href":"http:\/\/wgphoto.pl\/t\/index.php?rest_route=\/wp\/v2\/posts\/15187\/revisions\/15189"}],"wp:featuredmedia":[{"embeddable":true,"href":"http:\/\/wgphoto.pl\/t\/index.php?rest_route=\/wp\/v2\/media\/15188"}],"wp:attachment":[{"href":"http:\/\/wgphoto.pl\/t\/index.php?rest_route=%2Fwp%2Fv2%2Fmedia&parent=15187"}],"wp:term":[{"taxonomy":"category","embeddable":true,"href":"http:\/\/wgphoto.pl\/t\/index.php?rest_route=%2Fwp%2Fv2%2Fcategories&post=15187"},{"taxonomy":"post_tag","embeddable":true,"href":"http:\/\/wgphoto.pl\/t\/index.php?rest_route=%2Fwp%2Fv2%2Ftags&post=15187"}],"curies":[{"name":"wp","href":"https:\/\/api.w.org\/{rel}","templated":true}]}}