{"id":15190,"date":"2025-03-28T21:12:11","date_gmt":"2025-03-28T20:12:11","guid":{"rendered":"https:\/\/wgphoto.pl\/t\/?p=15190"},"modified":"2025-03-28T21:12:11","modified_gmt":"2025-03-28T20:12:11","slug":"debrznik","status":"publish","type":"post","link":"http:\/\/wgphoto.pl\/t\/?p=15190","title":{"rendered":"D\u0119brznik"},"content":{"rendered":"\n<figure class=\"wp-block-image aligncenter size-full\"><img loading=\"lazy\" decoding=\"async\" width=\"1200\" height=\"800\" src=\"https:\/\/wgphoto.pl\/t\/wp-content\/uploads\/2025\/03\/0315-12.jpg\" alt=\"\" class=\"wp-image-15191\" srcset=\"http:\/\/wgphoto.pl\/t\/wp-content\/uploads\/2025\/03\/0315-12.jpg 1200w, http:\/\/wgphoto.pl\/t\/wp-content\/uploads\/2025\/03\/0315-12-300x200.jpg 300w, http:\/\/wgphoto.pl\/t\/wp-content\/uploads\/2025\/03\/0315-12-768x512.jpg 768w\" sizes=\"auto, (max-width: 1200px) 100vw, 1200px\" \/><\/figure>\n\n\n\n<div class=\"wp-block-group has-global-padding is-layout-constrained wp-block-group-is-layout-constrained\">\n<p>SP32-071 z poc. osob. 7722 rel. Wa\u0142brzych G\u0142. &#8211; Lubawka mija pami\u0119taj\u0105ce Niemca zabudowania wsi D\u0119brznik, pokonuj\u0105c szlak S\u0119dzis\u0142aw &#8211; Kamienna G\u00f3ra. Obrabiaj\u0105c ponownie to foto przypomnia\u0142em sobie, \u017ce kto\u015b jeszcze fotografowa\u0142 ten poci\u0105g (wida\u0107 go na tle drugiego wagonu) &#8211; mo\u017ce po latach tu trafi? \ud83d\ude09 24.05.2003<\/p>\n<\/div>\n","protected":false},"excerpt":{"rendered":"<p>SP32-071 z poc. osob. 7722 rel. Wa\u0142brzych G\u0142. &#8211; Lubawka mija pami\u0119taj\u0105ce Niemca zabudowania wsi D\u0119brznik, pokonuj\u0105c szlak S\u0119dzis\u0142aw &#8211; Kamienna G\u00f3ra. Obrabiaj\u0105c ponownie to foto przypomnia\u0142em sobie, \u017ce kto\u015b jeszcze fotografowa\u0142 ten poci\u0105g (wida\u0107 go na tle drugiego wagonu) &#8211; mo\u017ce po latach tu trafi? \ud83d\ude09 24.05.2003<\/p>\n","protected":false},"author":1,"featured_media":15191,"comment_status":"open","ping_status":"","sticky":false,"template":"","format":"standard","meta":{"footnotes":""},"categories":[62,2,149],"tags":[3006,629,63,27,1061,385,627],"class_list":["post-15190","post","type-post","status-publish","format-standard","has-post-thumbnail","hentry","category-analog","category-kolej","category-rok-2003","tag-2003-05-24","tag-kamienna-gora","tag-pkp","tag-polska","tag-sedzislaw","tag-sp32","tag-tab-pl247"],"_links":{"self":[{"href":"http:\/\/wgphoto.pl\/t\/index.php?rest_route=\/wp\/v2\/posts\/15190","targetHints":{"allow":["GET"]}}],"collection":[{"href":"http:\/\/wgphoto.pl\/t\/index.php?rest_route=\/wp\/v2\/posts"}],"about":[{"href":"http:\/\/wgphoto.pl\/t\/index.php?rest_route=\/wp\/v2\/types\/post"}],"author":[{"embeddable":true,"href":"http:\/\/wgphoto.pl\/t\/index.php?rest_route=\/wp\/v2\/users\/1"}],"replies":[{"embeddable":true,"href":"http:\/\/wgphoto.pl\/t\/index.php?rest_route=%2Fwp%2Fv2%2Fcomments&post=15190"}],"version-history":[{"count":1,"href":"http:\/\/wgphoto.pl\/t\/index.php?rest_route=\/wp\/v2\/posts\/15190\/revisions"}],"predecessor-version":[{"id":15192,"href":"http:\/\/wgphoto.pl\/t\/index.php?rest_route=\/wp\/v2\/posts\/15190\/revisions\/15192"}],"wp:featuredmedia":[{"embeddable":true,"href":"http:\/\/wgphoto.pl\/t\/index.php?rest_route=\/wp\/v2\/media\/15191"}],"wp:attachment":[{"href":"http:\/\/wgphoto.pl\/t\/index.php?rest_route=%2Fwp%2Fv2%2Fmedia&parent=15190"}],"wp:term":[{"taxonomy":"category","embeddable":true,"href":"http:\/\/wgphoto.pl\/t\/index.php?rest_route=%2Fwp%2Fv2%2Fcategories&post=15190"},{"taxonomy":"post_tag","embeddable":true,"href":"http:\/\/wgphoto.pl\/t\/index.php?rest_route=%2Fwp%2Fv2%2Ftags&post=15190"}],"curies":[{"name":"wp","href":"https:\/\/api.w.org\/{rel}","templated":true}]}}