{"id":15193,"date":"2025-03-28T21:13:17","date_gmt":"2025-03-28T20:13:17","guid":{"rendered":"https:\/\/wgphoto.pl\/t\/?p=15193"},"modified":"2025-03-28T21:13:17","modified_gmt":"2025-03-28T20:13:17","slug":"standardowy-zestaw","status":"publish","type":"post","link":"http:\/\/wgphoto.pl\/t\/?p=15193","title":{"rendered":"Standardowy zestaw"},"content":{"rendered":"\n<figure class=\"wp-block-image aligncenter size-full\"><img loading=\"lazy\" decoding=\"async\" width=\"1200\" height=\"800\" src=\"https:\/\/wgphoto.pl\/t\/wp-content\/uploads\/2025\/03\/0310-26.jpg\" alt=\"\" class=\"wp-image-15194\" srcset=\"http:\/\/wgphoto.pl\/t\/wp-content\/uploads\/2025\/03\/0310-26.jpg 1200w, http:\/\/wgphoto.pl\/t\/wp-content\/uploads\/2025\/03\/0310-26-300x200.jpg 300w, http:\/\/wgphoto.pl\/t\/wp-content\/uploads\/2025\/03\/0310-26-768x512.jpg 768w\" sizes=\"auto, (max-width: 1200px) 100vw, 1200px\" \/><\/figure>\n\n\n\n<div class=\"wp-block-group has-global-padding is-layout-constrained wp-block-group-is-layout-constrained\">\n<p>SP32-071 z poc. osob. 7725 rel. Wa\u0142brzych G\u0142. &#8211; Lubawka przed kilkoma minutami opu\u015bci\u0142 stacj\u0119 w Kamiennej G\u00f3rze. Sk\u0142ad SP32+2Bh to standardowy zestaw lokalnych poci\u0105g\u00f3w osobowych obs\u0142ugiwanych w\u00f3wczas wa\u0142brzyskimi zemstami. 19.04.2003<\/p>\n<\/div>\n","protected":false},"excerpt":{"rendered":"<p>SP32-071 z poc. osob. 7725 rel. Wa\u0142brzych G\u0142. &#8211; Lubawka przed kilkoma minutami opu\u015bci\u0142 stacj\u0119 w Kamiennej G\u00f3rze. Sk\u0142ad SP32+2Bh to standardowy zestaw lokalnych poci\u0105g\u00f3w osobowych obs\u0142ugiwanych w\u00f3wczas wa\u0142brzyskimi zemstami. 19.04.2003<\/p>\n","protected":false},"author":1,"featured_media":15194,"comment_status":"open","ping_status":"","sticky":false,"template":"","format":"standard","meta":{"footnotes":""},"categories":[62,2,149],"tags":[3434,626,629,63,27,385,627],"class_list":["post-15193","post","type-post","status-publish","format-standard","has-post-thumbnail","hentry","category-analog","category-kolej","category-rok-2003","tag-2003-04-19","tag-blazkowa","tag-kamienna-gora","tag-pkp","tag-polska","tag-sp32","tag-tab-pl247"],"_links":{"self":[{"href":"http:\/\/wgphoto.pl\/t\/index.php?rest_route=\/wp\/v2\/posts\/15193","targetHints":{"allow":["GET"]}}],"collection":[{"href":"http:\/\/wgphoto.pl\/t\/index.php?rest_route=\/wp\/v2\/posts"}],"about":[{"href":"http:\/\/wgphoto.pl\/t\/index.php?rest_route=\/wp\/v2\/types\/post"}],"author":[{"embeddable":true,"href":"http:\/\/wgphoto.pl\/t\/index.php?rest_route=\/wp\/v2\/users\/1"}],"replies":[{"embeddable":true,"href":"http:\/\/wgphoto.pl\/t\/index.php?rest_route=%2Fwp%2Fv2%2Fcomments&post=15193"}],"version-history":[{"count":1,"href":"http:\/\/wgphoto.pl\/t\/index.php?rest_route=\/wp\/v2\/posts\/15193\/revisions"}],"predecessor-version":[{"id":15195,"href":"http:\/\/wgphoto.pl\/t\/index.php?rest_route=\/wp\/v2\/posts\/15193\/revisions\/15195"}],"wp:featuredmedia":[{"embeddable":true,"href":"http:\/\/wgphoto.pl\/t\/index.php?rest_route=\/wp\/v2\/media\/15194"}],"wp:attachment":[{"href":"http:\/\/wgphoto.pl\/t\/index.php?rest_route=%2Fwp%2Fv2%2Fmedia&parent=15193"}],"wp:term":[{"taxonomy":"category","embeddable":true,"href":"http:\/\/wgphoto.pl\/t\/index.php?rest_route=%2Fwp%2Fv2%2Fcategories&post=15193"},{"taxonomy":"post_tag","embeddable":true,"href":"http:\/\/wgphoto.pl\/t\/index.php?rest_route=%2Fwp%2Fv2%2Ftags&post=15193"}],"curies":[{"name":"wp","href":"https:\/\/api.w.org\/{rel}","templated":true}]}}