{"id":15221,"date":"2025-03-29T15:54:56","date_gmt":"2025-03-29T14:54:56","guid":{"rendered":"https:\/\/wgphoto.pl\/t\/?p=15221"},"modified":"2025-03-29T15:54:56","modified_gmt":"2025-03-29T14:54:56","slug":"znowu-pada","status":"publish","type":"post","link":"http:\/\/wgphoto.pl\/t\/?p=15221","title":{"rendered":"Znowu pada"},"content":{"rendered":"\n<figure class=\"wp-block-image aligncenter size-full\"><img loading=\"lazy\" decoding=\"async\" width=\"600\" height=\"903\" src=\"https:\/\/wgphoto.pl\/t\/wp-content\/uploads\/2025\/03\/IMGP1352.jpg\" alt=\"\" class=\"wp-image-15222\" srcset=\"http:\/\/wgphoto.pl\/t\/wp-content\/uploads\/2025\/03\/IMGP1352.jpg 600w, http:\/\/wgphoto.pl\/t\/wp-content\/uploads\/2025\/03\/IMGP1352-199x300.jpg 199w\" sizes=\"auto, (max-width: 600px) 100vw, 600px\" \/><\/figure>\n\n\n\n<div class=\"wp-block-group has-global-padding is-layout-constrained wp-block-group-is-layout-constrained\">\n<p>Nowoczesna architektura rotterdamskiego \u015br\u00f3dmie\u015bcia przegl\u0105da si\u0119 w spokojnej wodzie jednego z licznych kana\u0142\u00f3w. A z nieba, po kr\u00f3tkotrwa\u0142ym przeja\u015bnieniu, zn\u00f3w zaczyna pada\u0107. 2017-05-02<\/p>\n<\/div>\n","protected":false},"excerpt":{"rendered":"<p>Nowoczesna architektura rotterdamskiego \u015br\u00f3dmie\u015bcia przegl\u0105da si\u0119 w spokojnej wodzie jednego z licznych kana\u0142\u00f3w. A z nieba, po kr\u00f3tkotrwa\u0142ym przeja\u015bnieniu, zn\u00f3w zaczyna pada\u0107. 2017-05-02<\/p>\n","protected":false},"author":1,"featured_media":15222,"comment_status":"open","ping_status":"","sticky":false,"template":"","format":"standard","meta":{"footnotes":""},"categories":[128,368,3],"tags":[376,170,34,13,370,787,374,375,73],"class_list":["post-15221","post","type-post","status-publish","format-standard","has-post-thumbnail","hentry","category-pionowe","category-rok-2017","category-tramwaj","tag-2017-05-02","tag-alstom-citadis302","tag-architektura","tag-deszcz","tag-holandia","tag-majowka-2017-2","tag-ret-rotterdam","tag-rotterdam","tag-rzeka"],"_links":{"self":[{"href":"http:\/\/wgphoto.pl\/t\/index.php?rest_route=\/wp\/v2\/posts\/15221","targetHints":{"allow":["GET"]}}],"collection":[{"href":"http:\/\/wgphoto.pl\/t\/index.php?rest_route=\/wp\/v2\/posts"}],"about":[{"href":"http:\/\/wgphoto.pl\/t\/index.php?rest_route=\/wp\/v2\/types\/post"}],"author":[{"embeddable":true,"href":"http:\/\/wgphoto.pl\/t\/index.php?rest_route=\/wp\/v2\/users\/1"}],"replies":[{"embeddable":true,"href":"http:\/\/wgphoto.pl\/t\/index.php?rest_route=%2Fwp%2Fv2%2Fcomments&post=15221"}],"version-history":[{"count":1,"href":"http:\/\/wgphoto.pl\/t\/index.php?rest_route=\/wp\/v2\/posts\/15221\/revisions"}],"predecessor-version":[{"id":15223,"href":"http:\/\/wgphoto.pl\/t\/index.php?rest_route=\/wp\/v2\/posts\/15221\/revisions\/15223"}],"wp:featuredmedia":[{"embeddable":true,"href":"http:\/\/wgphoto.pl\/t\/index.php?rest_route=\/wp\/v2\/media\/15222"}],"wp:attachment":[{"href":"http:\/\/wgphoto.pl\/t\/index.php?rest_route=%2Fwp%2Fv2%2Fmedia&parent=15221"}],"wp:term":[{"taxonomy":"category","embeddable":true,"href":"http:\/\/wgphoto.pl\/t\/index.php?rest_route=%2Fwp%2Fv2%2Fcategories&post=15221"},{"taxonomy":"post_tag","embeddable":true,"href":"http:\/\/wgphoto.pl\/t\/index.php?rest_route=%2Fwp%2Fv2%2Ftags&post=15221"}],"curies":[{"name":"wp","href":"https:\/\/api.w.org\/{rel}","templated":true}]}}