{"id":15224,"date":"2025-03-29T15:55:43","date_gmt":"2025-03-29T14:55:43","guid":{"rendered":"https:\/\/wgphoto.pl\/t\/?p=15224"},"modified":"2025-03-29T15:55:43","modified_gmt":"2025-03-29T14:55:43","slug":"plazowy-tramwaj","status":"publish","type":"post","link":"http:\/\/wgphoto.pl\/t\/?p=15224","title":{"rendered":"Pla\u017cowy tramwaj"},"content":{"rendered":"\n<figure class=\"wp-block-image aligncenter size-full\"><img loading=\"lazy\" decoding=\"async\" width=\"1200\" height=\"795\" src=\"https:\/\/wgphoto.pl\/t\/wp-content\/uploads\/2025\/03\/IMGP0978.jpg\" alt=\"\" class=\"wp-image-15225\" srcset=\"http:\/\/wgphoto.pl\/t\/wp-content\/uploads\/2025\/03\/IMGP0978.jpg 1200w, http:\/\/wgphoto.pl\/t\/wp-content\/uploads\/2025\/03\/IMGP0978-300x199.jpg 300w, http:\/\/wgphoto.pl\/t\/wp-content\/uploads\/2025\/03\/IMGP0978-768x509.jpg 768w\" sizes=\"auto, (max-width: 1200px) 100vw, 1200px\" \/><\/figure>\n\n\n\n<div class=\"wp-block-group has-global-padding is-layout-constrained wp-block-group-is-layout-constrained\">\n<p>Klasyczny motyw z Hagi &#8211; tramwaj nad Morzem P\u00f3\u0142nocnym, na p\u0119tli przy ulicy Pla\u017cowej (Strandweg). Obecnie doje\u017cd\u017caj\u0105 tu chyba tylko nowe Siemensy, w ka\u017cdym razie nie widzia\u0142em innych wagon\u00f3w na jedenastce. 2017-05-01<\/p>\n<\/div>\n","protected":false},"excerpt":{"rendered":"<p>Klasyczny motyw z Hagi &#8211; tramwaj nad Morzem P\u00f3\u0142nocnym, na p\u0119tli przy ulicy Pla\u017cowej (Strandweg). Obecnie doje\u017cd\u017caj\u0105 tu chyba tylko nowe Siemensy, w ka\u017cdym razie nie widzia\u0142em innych wagon\u00f3w na jedenastce. 2017-05-01<\/p>\n","protected":false},"author":1,"featured_media":15225,"comment_status":"open","ping_status":"","sticky":false,"template":"","format":"standard","meta":{"footnotes":""},"categories":[368,3],"tags":[373,371,370,369,787,116,788],"class_list":["post-15224","post","type-post","status-publish","format-standard","has-post-thumbnail","hentry","category-rok-2017","category-tramwaj","tag-2017-05-01","tag-haga","tag-holandia","tag-htm-den-haag","tag-majowka-2017-2","tag-morze","tag-siemens-avenio"],"_links":{"self":[{"href":"http:\/\/wgphoto.pl\/t\/index.php?rest_route=\/wp\/v2\/posts\/15224","targetHints":{"allow":["GET"]}}],"collection":[{"href":"http:\/\/wgphoto.pl\/t\/index.php?rest_route=\/wp\/v2\/posts"}],"about":[{"href":"http:\/\/wgphoto.pl\/t\/index.php?rest_route=\/wp\/v2\/types\/post"}],"author":[{"embeddable":true,"href":"http:\/\/wgphoto.pl\/t\/index.php?rest_route=\/wp\/v2\/users\/1"}],"replies":[{"embeddable":true,"href":"http:\/\/wgphoto.pl\/t\/index.php?rest_route=%2Fwp%2Fv2%2Fcomments&post=15224"}],"version-history":[{"count":1,"href":"http:\/\/wgphoto.pl\/t\/index.php?rest_route=\/wp\/v2\/posts\/15224\/revisions"}],"predecessor-version":[{"id":15226,"href":"http:\/\/wgphoto.pl\/t\/index.php?rest_route=\/wp\/v2\/posts\/15224\/revisions\/15226"}],"wp:featuredmedia":[{"embeddable":true,"href":"http:\/\/wgphoto.pl\/t\/index.php?rest_route=\/wp\/v2\/media\/15225"}],"wp:attachment":[{"href":"http:\/\/wgphoto.pl\/t\/index.php?rest_route=%2Fwp%2Fv2%2Fmedia&parent=15224"}],"wp:term":[{"taxonomy":"category","embeddable":true,"href":"http:\/\/wgphoto.pl\/t\/index.php?rest_route=%2Fwp%2Fv2%2Fcategories&post=15224"},{"taxonomy":"post_tag","embeddable":true,"href":"http:\/\/wgphoto.pl\/t\/index.php?rest_route=%2Fwp%2Fv2%2Ftags&post=15224"}],"curies":[{"name":"wp","href":"https:\/\/api.w.org\/{rel}","templated":true}]}}