{"id":15227,"date":"2025-03-29T15:56:31","date_gmt":"2025-03-29T14:56:31","guid":{"rendered":"https:\/\/wgphoto.pl\/t\/?p=15227"},"modified":"2025-03-29T15:56:31","modified_gmt":"2025-03-29T14:56:31","slug":"861-i-pol-metra","status":"publish","type":"post","link":"http:\/\/wgphoto.pl\/t\/?p=15227","title":{"rendered":"861 i p\u00f3\u0142 metra"},"content":{"rendered":"\n<figure class=\"wp-block-image aligncenter size-full\"><img loading=\"lazy\" decoding=\"async\" width=\"1200\" height=\"795\" src=\"https:\/\/wgphoto.pl\/t\/wp-content\/uploads\/2025\/03\/IMGP1120.jpg\" alt=\"\" class=\"wp-image-15228\" srcset=\"http:\/\/wgphoto.pl\/t\/wp-content\/uploads\/2025\/03\/IMGP1120.jpg 1200w, http:\/\/wgphoto.pl\/t\/wp-content\/uploads\/2025\/03\/IMGP1120-300x199.jpg 300w, http:\/\/wgphoto.pl\/t\/wp-content\/uploads\/2025\/03\/IMGP1120-768x509.jpg 768w\" sizes=\"auto, (max-width: 1200px) 100vw, 1200px\" \/><\/figure>\n\n\n\n<div class=\"wp-block-group has-global-padding is-layout-constrained wp-block-group-is-layout-constrained\">\n<p>Avenio wyje\u017cd\u017ca ze \u015br\u00f3dmie\u015bcia mijaj\u0105c tureck\u0105 ambasad\u0119, chronion\u0105 przez dwa tymczasowe posterunki policji, mieszcz\u0105ce si\u0119 w bia\u0142ych kontenerach na parkingu. Na skyline w tle sk\u0142adaj\u0105 si\u0119 kolejno od lewej: Hoftoren, wie\u017cowce Ministerstwa Bezpiecze\u0144stwa i Sprawiedliwo\u015bci (najwy\u017csze spo\u015br\u00f3d widocznych &#8211; 146 metr\u00f3w), przed nimi Zurichtoren i Castalia oraz skrajnie z prawej De Kroon. Siedem widocznych wie\u017c mierzy \u0142\u0105cznie tyle metr\u00f3w ile w tytule. 2017-05-01<\/p>\n<\/div>\n","protected":false},"excerpt":{"rendered":"<p>Avenio wyje\u017cd\u017ca ze \u015br\u00f3dmie\u015bcia mijaj\u0105c tureck\u0105 ambasad\u0119, chronion\u0105 przez dwa tymczasowe posterunki policji, mieszcz\u0105ce si\u0119 w bia\u0142ych kontenerach na parkingu. Na skyline w tle sk\u0142adaj\u0105 si\u0119 kolejno od lewej: Hoftoren, wie\u017cowce Ministerstwa Bezpiecze\u0144stwa i Sprawiedliwo\u015bci (najwy\u017csze spo\u015br\u00f3d widocznych &#8211; 146 metr\u00f3w), przed nimi Zurichtoren i Castalia oraz skrajnie z prawej De Kroon. Siedem widocznych wie\u017c [&hellip;]<\/p>\n","protected":false},"author":1,"featured_media":15228,"comment_status":"open","ping_status":"","sticky":false,"template":"","format":"standard","meta":{"footnotes":""},"categories":[368,3],"tags":[373,34,371,370,369,787,788],"class_list":["post-15227","post","type-post","status-publish","format-standard","has-post-thumbnail","hentry","category-rok-2017","category-tramwaj","tag-2017-05-01","tag-architektura","tag-haga","tag-holandia","tag-htm-den-haag","tag-majowka-2017-2","tag-siemens-avenio"],"_links":{"self":[{"href":"http:\/\/wgphoto.pl\/t\/index.php?rest_route=\/wp\/v2\/posts\/15227","targetHints":{"allow":["GET"]}}],"collection":[{"href":"http:\/\/wgphoto.pl\/t\/index.php?rest_route=\/wp\/v2\/posts"}],"about":[{"href":"http:\/\/wgphoto.pl\/t\/index.php?rest_route=\/wp\/v2\/types\/post"}],"author":[{"embeddable":true,"href":"http:\/\/wgphoto.pl\/t\/index.php?rest_route=\/wp\/v2\/users\/1"}],"replies":[{"embeddable":true,"href":"http:\/\/wgphoto.pl\/t\/index.php?rest_route=%2Fwp%2Fv2%2Fcomments&post=15227"}],"version-history":[{"count":1,"href":"http:\/\/wgphoto.pl\/t\/index.php?rest_route=\/wp\/v2\/posts\/15227\/revisions"}],"predecessor-version":[{"id":15229,"href":"http:\/\/wgphoto.pl\/t\/index.php?rest_route=\/wp\/v2\/posts\/15227\/revisions\/15229"}],"wp:featuredmedia":[{"embeddable":true,"href":"http:\/\/wgphoto.pl\/t\/index.php?rest_route=\/wp\/v2\/media\/15228"}],"wp:attachment":[{"href":"http:\/\/wgphoto.pl\/t\/index.php?rest_route=%2Fwp%2Fv2%2Fmedia&parent=15227"}],"wp:term":[{"taxonomy":"category","embeddable":true,"href":"http:\/\/wgphoto.pl\/t\/index.php?rest_route=%2Fwp%2Fv2%2Fcategories&post=15227"},{"taxonomy":"post_tag","embeddable":true,"href":"http:\/\/wgphoto.pl\/t\/index.php?rest_route=%2Fwp%2Fv2%2Ftags&post=15227"}],"curies":[{"name":"wp","href":"https:\/\/api.w.org\/{rel}","templated":true}]}}