{"id":15271,"date":"2025-03-29T17:01:50","date_gmt":"2025-03-29T16:01:50","guid":{"rendered":"https:\/\/wgphoto.pl\/t\/?p=15271"},"modified":"2025-03-29T17:01:50","modified_gmt":"2025-03-29T16:01:50","slug":"noc-muzeow","status":"publish","type":"post","link":"http:\/\/wgphoto.pl\/t\/?p=15271","title":{"rendered":"Noc Muze\u00f3w"},"content":{"rendered":"\n<figure class=\"wp-block-image aligncenter size-full\"><img loading=\"lazy\" decoding=\"async\" width=\"1200\" height=\"795\" src=\"https:\/\/wgphoto.pl\/t\/wp-content\/uploads\/2025\/03\/IMGP1639.jpg\" alt=\"\" class=\"wp-image-15272\" srcset=\"http:\/\/wgphoto.pl\/t\/wp-content\/uploads\/2025\/03\/IMGP1639.jpg 1200w, http:\/\/wgphoto.pl\/t\/wp-content\/uploads\/2025\/03\/IMGP1639-300x199.jpg 300w, http:\/\/wgphoto.pl\/t\/wp-content\/uploads\/2025\/03\/IMGP1639-768x509.jpg 768w\" sizes=\"auto, (max-width: 1200px) 100vw, 1200px\" \/><\/figure>\n\n\n\n<div class=\"wp-block-group has-global-padding is-layout-constrained wp-block-group-is-layout-constrained\">\n<p>Enusia wyje\u017cd\u017ca z zajezdni by w\u0142\u0105czy\u0107 si\u0119 na lini\u0119 M1 wykonuj\u0105c\u0105 k\u00f3\u0142ka wok\u00f3\u0142 centrum z okazji Nocy Muze\u00f3w. A skoro o muzeach mowa, w kadrze jedno z nich &#8211; Muzeum Wsp\u00f3\u0142czesne Wroc\u0142awia, urz\u0105dzone w dawnym bunkrze. 20.05.2017<\/p>\n<\/div>\n","protected":false},"excerpt":{"rendered":"<p>Enusia wyje\u017cd\u017ca z zajezdni by w\u0142\u0105czy\u0107 si\u0119 na lini\u0119 M1 wykonuj\u0105c\u0105 k\u00f3\u0142ka wok\u00f3\u0142 centrum z okazji Nocy Muze\u00f3w. A skoro o muzeach mowa, w kadrze jedno z nich &#8211; Muzeum Wsp\u00f3\u0142czesne Wroc\u0142awia, urz\u0105dzone w dawnym bunkrze. 20.05.2017<\/p>\n","protected":false},"author":1,"featured_media":15272,"comment_status":"open","ping_status":"","sticky":false,"template":"","format":"standard","meta":{"footnotes":""},"categories":[368,3],"tags":[3572,34,137,397,27,41],"class_list":["post-15271","post","type-post","status-publish","format-standard","has-post-thumbnail","hentry","category-rok-2017","category-tramwaj","tag-2017-05-20","tag-architektura","tag-kstm","tag-n","tag-polska","tag-wroclaw"],"_links":{"self":[{"href":"http:\/\/wgphoto.pl\/t\/index.php?rest_route=\/wp\/v2\/posts\/15271","targetHints":{"allow":["GET"]}}],"collection":[{"href":"http:\/\/wgphoto.pl\/t\/index.php?rest_route=\/wp\/v2\/posts"}],"about":[{"href":"http:\/\/wgphoto.pl\/t\/index.php?rest_route=\/wp\/v2\/types\/post"}],"author":[{"embeddable":true,"href":"http:\/\/wgphoto.pl\/t\/index.php?rest_route=\/wp\/v2\/users\/1"}],"replies":[{"embeddable":true,"href":"http:\/\/wgphoto.pl\/t\/index.php?rest_route=%2Fwp%2Fv2%2Fcomments&post=15271"}],"version-history":[{"count":1,"href":"http:\/\/wgphoto.pl\/t\/index.php?rest_route=\/wp\/v2\/posts\/15271\/revisions"}],"predecessor-version":[{"id":15273,"href":"http:\/\/wgphoto.pl\/t\/index.php?rest_route=\/wp\/v2\/posts\/15271\/revisions\/15273"}],"wp:featuredmedia":[{"embeddable":true,"href":"http:\/\/wgphoto.pl\/t\/index.php?rest_route=\/wp\/v2\/media\/15272"}],"wp:attachment":[{"href":"http:\/\/wgphoto.pl\/t\/index.php?rest_route=%2Fwp%2Fv2%2Fmedia&parent=15271"}],"wp:term":[{"taxonomy":"category","embeddable":true,"href":"http:\/\/wgphoto.pl\/t\/index.php?rest_route=%2Fwp%2Fv2%2Fcategories&post=15271"},{"taxonomy":"post_tag","embeddable":true,"href":"http:\/\/wgphoto.pl\/t\/index.php?rest_route=%2Fwp%2Fv2%2Ftags&post=15271"}],"curies":[{"name":"wp","href":"https:\/\/api.w.org\/{rel}","templated":true}]}}