{"id":15277,"date":"2025-03-29T17:03:31","date_gmt":"2025-03-29T16:03:31","guid":{"rendered":"https:\/\/wgphoto.pl\/t\/?p=15277"},"modified":"2025-03-29T17:03:31","modified_gmt":"2025-03-29T16:03:31","slug":"13-kamienic","status":"publish","type":"post","link":"http:\/\/wgphoto.pl\/t\/?p=15277","title":{"rendered":"13 kamienic"},"content":{"rendered":"\n<figure class=\"wp-block-image aligncenter size-full\"><img loading=\"lazy\" decoding=\"async\" width=\"1200\" height=\"795\" src=\"https:\/\/wgphoto.pl\/t\/wp-content\/uploads\/2025\/03\/IMGP1652.jpg\" alt=\"\" class=\"wp-image-15278\" srcset=\"http:\/\/wgphoto.pl\/t\/wp-content\/uploads\/2025\/03\/IMGP1652.jpg 1200w, http:\/\/wgphoto.pl\/t\/wp-content\/uploads\/2025\/03\/IMGP1652-300x199.jpg 300w, http:\/\/wgphoto.pl\/t\/wp-content\/uploads\/2025\/03\/IMGP1652-768x509.jpg 768w\" sizes=\"auto, (max-width: 1200px) 100vw, 1200px\" \/><\/figure>\n\n\n\n<div class=\"wp-block-group has-global-padding is-layout-constrained wp-block-group-is-layout-constrained\">\n<p>ENusia wje\u017cd\u017ca na skrzy\u017cowanie Nowego \u015awiatu z ulicami \u015aw. Miko\u0142aja i Kazimierza Wielkiego, mijaj\u0105c w\u0105skie kamieniczki, charakterystyczne dla tych obszar\u00f3w Starego Miasta, w kt\u00f3re tramwaje ju\u017c nie wje\u017cd\u017caj\u0105. 20.05.2017<\/p>\n<\/div>\n","protected":false},"excerpt":{"rendered":"<p>ENusia wje\u017cd\u017ca na skrzy\u017cowanie Nowego \u015awiatu z ulicami \u015aw. Miko\u0142aja i Kazimierza Wielkiego, mijaj\u0105c w\u0105skie kamieniczki, charakterystyczne dla tych obszar\u00f3w Starego Miasta, w kt\u00f3re tramwaje ju\u017c nie wje\u017cd\u017caj\u0105. 20.05.2017<\/p>\n","protected":false},"author":1,"featured_media":15278,"comment_status":"open","ping_status":"","sticky":false,"template":"","format":"standard","meta":{"footnotes":""},"categories":[368,3],"tags":[3572,34,137,397,27,41],"class_list":["post-15277","post","type-post","status-publish","format-standard","has-post-thumbnail","hentry","category-rok-2017","category-tramwaj","tag-2017-05-20","tag-architektura","tag-kstm","tag-n","tag-polska","tag-wroclaw"],"_links":{"self":[{"href":"http:\/\/wgphoto.pl\/t\/index.php?rest_route=\/wp\/v2\/posts\/15277","targetHints":{"allow":["GET"]}}],"collection":[{"href":"http:\/\/wgphoto.pl\/t\/index.php?rest_route=\/wp\/v2\/posts"}],"about":[{"href":"http:\/\/wgphoto.pl\/t\/index.php?rest_route=\/wp\/v2\/types\/post"}],"author":[{"embeddable":true,"href":"http:\/\/wgphoto.pl\/t\/index.php?rest_route=\/wp\/v2\/users\/1"}],"replies":[{"embeddable":true,"href":"http:\/\/wgphoto.pl\/t\/index.php?rest_route=%2Fwp%2Fv2%2Fcomments&post=15277"}],"version-history":[{"count":1,"href":"http:\/\/wgphoto.pl\/t\/index.php?rest_route=\/wp\/v2\/posts\/15277\/revisions"}],"predecessor-version":[{"id":15279,"href":"http:\/\/wgphoto.pl\/t\/index.php?rest_route=\/wp\/v2\/posts\/15277\/revisions\/15279"}],"wp:featuredmedia":[{"embeddable":true,"href":"http:\/\/wgphoto.pl\/t\/index.php?rest_route=\/wp\/v2\/media\/15278"}],"wp:attachment":[{"href":"http:\/\/wgphoto.pl\/t\/index.php?rest_route=%2Fwp%2Fv2%2Fmedia&parent=15277"}],"wp:term":[{"taxonomy":"category","embeddable":true,"href":"http:\/\/wgphoto.pl\/t\/index.php?rest_route=%2Fwp%2Fv2%2Fcategories&post=15277"},{"taxonomy":"post_tag","embeddable":true,"href":"http:\/\/wgphoto.pl\/t\/index.php?rest_route=%2Fwp%2Fv2%2Ftags&post=15277"}],"curies":[{"name":"wp","href":"https:\/\/api.w.org\/{rel}","templated":true}]}}