{"id":15280,"date":"2025-03-29T17:04:18","date_gmt":"2025-03-29T16:04:18","guid":{"rendered":"https:\/\/wgphoto.pl\/t\/?p=15280"},"modified":"2025-03-29T17:04:18","modified_gmt":"2025-03-29T16:04:18","slug":"hala-targowa","status":"publish","type":"post","link":"http:\/\/wgphoto.pl\/t\/?p=15280","title":{"rendered":"Hala Targowa"},"content":{"rendered":"\n<figure class=\"wp-block-image aligncenter size-full\"><img loading=\"lazy\" decoding=\"async\" width=\"1200\" height=\"795\" src=\"https:\/\/wgphoto.pl\/t\/wp-content\/uploads\/2025\/03\/IMGP1668.jpg\" alt=\"\" class=\"wp-image-15281\" srcset=\"http:\/\/wgphoto.pl\/t\/wp-content\/uploads\/2025\/03\/IMGP1668.jpg 1200w, http:\/\/wgphoto.pl\/t\/wp-content\/uploads\/2025\/03\/IMGP1668-300x199.jpg 300w, http:\/\/wgphoto.pl\/t\/wp-content\/uploads\/2025\/03\/IMGP1668-768x509.jpg 768w\" sizes=\"auto, (max-width: 1200px) 100vw, 1200px\" \/><\/figure>\n\n\n\n<div class=\"wp-block-group has-global-padding is-layout-constrained wp-block-group-is-layout-constrained\">\n<p>Okazuje si\u0119, \u017ce to jednak na \u0142uku z ul. \u015awi\u0119tej Jadwigi w Grodzk\u0105, a nie od przeciwnej strony, najlepiej prezentuje si\u0119 tramwaj z Hal\u0105 Targow\u0105 w ca\u0142ej okaza\u0142o\u015bci. Szcz\u0119\u015bliwie z prawej strony na \u015bwiat\u0142ach nie stan\u0105\u0142 \u017caden samoch\u00f3d. 20.05.2017<\/p>\n<\/div>\n","protected":false},"excerpt":{"rendered":"<p>Okazuje si\u0119, \u017ce to jednak na \u0142uku z ul. \u015awi\u0119tej Jadwigi w Grodzk\u0105, a nie od przeciwnej strony, najlepiej prezentuje si\u0119 tramwaj z Hal\u0105 Targow\u0105 w ca\u0142ej okaza\u0142o\u015bci. Szcz\u0119\u015bliwie z prawej strony na \u015bwiat\u0142ach nie stan\u0105\u0142 \u017caden samoch\u00f3d. 20.05.2017<\/p>\n","protected":false},"author":1,"featured_media":15281,"comment_status":"open","ping_status":"","sticky":false,"template":"","format":"standard","meta":{"footnotes":""},"categories":[368,3],"tags":[3572,34,137,397,27,41],"class_list":["post-15280","post","type-post","status-publish","format-standard","has-post-thumbnail","hentry","category-rok-2017","category-tramwaj","tag-2017-05-20","tag-architektura","tag-kstm","tag-n","tag-polska","tag-wroclaw"],"_links":{"self":[{"href":"http:\/\/wgphoto.pl\/t\/index.php?rest_route=\/wp\/v2\/posts\/15280","targetHints":{"allow":["GET"]}}],"collection":[{"href":"http:\/\/wgphoto.pl\/t\/index.php?rest_route=\/wp\/v2\/posts"}],"about":[{"href":"http:\/\/wgphoto.pl\/t\/index.php?rest_route=\/wp\/v2\/types\/post"}],"author":[{"embeddable":true,"href":"http:\/\/wgphoto.pl\/t\/index.php?rest_route=\/wp\/v2\/users\/1"}],"replies":[{"embeddable":true,"href":"http:\/\/wgphoto.pl\/t\/index.php?rest_route=%2Fwp%2Fv2%2Fcomments&post=15280"}],"version-history":[{"count":1,"href":"http:\/\/wgphoto.pl\/t\/index.php?rest_route=\/wp\/v2\/posts\/15280\/revisions"}],"predecessor-version":[{"id":15282,"href":"http:\/\/wgphoto.pl\/t\/index.php?rest_route=\/wp\/v2\/posts\/15280\/revisions\/15282"}],"wp:featuredmedia":[{"embeddable":true,"href":"http:\/\/wgphoto.pl\/t\/index.php?rest_route=\/wp\/v2\/media\/15281"}],"wp:attachment":[{"href":"http:\/\/wgphoto.pl\/t\/index.php?rest_route=%2Fwp%2Fv2%2Fmedia&parent=15280"}],"wp:term":[{"taxonomy":"category","embeddable":true,"href":"http:\/\/wgphoto.pl\/t\/index.php?rest_route=%2Fwp%2Fv2%2Fcategories&post=15280"},{"taxonomy":"post_tag","embeddable":true,"href":"http:\/\/wgphoto.pl\/t\/index.php?rest_route=%2Fwp%2Fv2%2Ftags&post=15280"}],"curies":[{"name":"wp","href":"https:\/\/api.w.org\/{rel}","templated":true}]}}