{"id":15331,"date":"2025-04-03T18:52:46","date_gmt":"2025-04-03T16:52:46","guid":{"rendered":"https:\/\/wgphoto.pl\/t\/?p=15331"},"modified":"2025-04-03T18:52:46","modified_gmt":"2025-04-03T16:52:46","slug":"s-jak-stajaliste","status":"publish","type":"post","link":"http:\/\/wgphoto.pl\/t\/?p=15331","title":{"rendered":"S jak stajali\u0161te"},"content":{"rendered":"\n<figure class=\"wp-block-image aligncenter size-full\"><img loading=\"lazy\" decoding=\"async\" width=\"600\" height=\"906\" src=\"https:\/\/wgphoto.pl\/t\/wp-content\/uploads\/2025\/04\/IMGP1791.jpg\" alt=\"\" class=\"wp-image-15332\" srcset=\"http:\/\/wgphoto.pl\/t\/wp-content\/uploads\/2025\/04\/IMGP1791.jpg 600w, http:\/\/wgphoto.pl\/t\/wp-content\/uploads\/2025\/04\/IMGP1791-199x300.jpg 199w\" sizes=\"auto, (max-width: 600px) 100vw, 600px\" \/><\/figure>\n\n\n\n<div class=\"wp-block-group has-global-padding is-layout-constrained wp-block-group-is-layout-constrained\">\n<p>S\u0142upek przystankowy w wersji sto\u0142ecznej. Mo\u017cna si\u0119 zapozna\u0107 r\u00f3wnie\u017c z chorwackimi m\u0105dro\u015bciami \u017cyciowymi. 17.08.2015<\/p>\n<\/div>\n","protected":false},"excerpt":{"rendered":"<p>S\u0142upek przystankowy w wersji sto\u0142ecznej. Mo\u017cna si\u0119 zapozna\u0107 r\u00f3wnie\u017c z chorwackimi m\u0105dro\u015bciami \u017cyciowymi. 17.08.2015<\/p>\n","protected":false},"author":1,"featured_media":15332,"comment_status":"open","ping_status":"","sticky":false,"template":"","format":"standard","meta":{"footnotes":""},"categories":[220,128,104,3],"tags":[479,459,219,107,477,478],"class_list":["post-15331","post","type-post","status-publish","format-standard","has-post-thumbnail","hentry","category-blo","category-pionowe","category-rok-2015","category-tramwaj","tag-2015-08-17","tag-chorwacja","tag-przystanek","tag-wakacje-2015","tag-zagrzeb","tag-zet-zagreb"],"_links":{"self":[{"href":"http:\/\/wgphoto.pl\/t\/index.php?rest_route=\/wp\/v2\/posts\/15331","targetHints":{"allow":["GET"]}}],"collection":[{"href":"http:\/\/wgphoto.pl\/t\/index.php?rest_route=\/wp\/v2\/posts"}],"about":[{"href":"http:\/\/wgphoto.pl\/t\/index.php?rest_route=\/wp\/v2\/types\/post"}],"author":[{"embeddable":true,"href":"http:\/\/wgphoto.pl\/t\/index.php?rest_route=\/wp\/v2\/users\/1"}],"replies":[{"embeddable":true,"href":"http:\/\/wgphoto.pl\/t\/index.php?rest_route=%2Fwp%2Fv2%2Fcomments&post=15331"}],"version-history":[{"count":1,"href":"http:\/\/wgphoto.pl\/t\/index.php?rest_route=\/wp\/v2\/posts\/15331\/revisions"}],"predecessor-version":[{"id":15333,"href":"http:\/\/wgphoto.pl\/t\/index.php?rest_route=\/wp\/v2\/posts\/15331\/revisions\/15333"}],"wp:featuredmedia":[{"embeddable":true,"href":"http:\/\/wgphoto.pl\/t\/index.php?rest_route=\/wp\/v2\/media\/15332"}],"wp:attachment":[{"href":"http:\/\/wgphoto.pl\/t\/index.php?rest_route=%2Fwp%2Fv2%2Fmedia&parent=15331"}],"wp:term":[{"taxonomy":"category","embeddable":true,"href":"http:\/\/wgphoto.pl\/t\/index.php?rest_route=%2Fwp%2Fv2%2Fcategories&post=15331"},{"taxonomy":"post_tag","embeddable":true,"href":"http:\/\/wgphoto.pl\/t\/index.php?rest_route=%2Fwp%2Fv2%2Ftags&post=15331"}],"curies":[{"name":"wp","href":"https:\/\/api.w.org\/{rel}","templated":true}]}}