{"id":15450,"date":"2025-04-06T16:11:03","date_gmt":"2025-04-06T14:11:03","guid":{"rendered":"https:\/\/wgphoto.pl\/t\/?p=15450"},"modified":"2025-04-06T16:11:03","modified_gmt":"2025-04-06T14:11:03","slug":"bipa-do-walbrzycha","status":"publish","type":"post","link":"http:\/\/wgphoto.pl\/t\/?p=15450","title":{"rendered":"Bipa do Wa\u0142brzycha"},"content":{"rendered":"\n<figure class=\"wp-block-image aligncenter size-full\"><img loading=\"lazy\" decoding=\"async\" width=\"1200\" height=\"800\" src=\"https:\/\/wgphoto.pl\/t\/wp-content\/uploads\/2025\/04\/0524-05.jpg\" alt=\"\" class=\"wp-image-15451\" srcset=\"http:\/\/wgphoto.pl\/t\/wp-content\/uploads\/2025\/04\/0524-05.jpg 1200w, http:\/\/wgphoto.pl\/t\/wp-content\/uploads\/2025\/04\/0524-05-300x200.jpg 300w, http:\/\/wgphoto.pl\/t\/wp-content\/uploads\/2025\/04\/0524-05-768x512.jpg 768w\" sizes=\"auto, (max-width: 1200px) 100vw, 1200px\" \/><\/figure>\n\n\n\n<div class=\"wp-block-group has-global-padding is-layout-constrained wp-block-group-is-layout-constrained\">\n<p>EU07-306 z poci\u0105giem osobowym 233 do Wa\u0142brzycha G\u0142\u00f3wnego mija posterunek Wroc\u0142aw \u015awiebodzki. 26.08.2005<\/p>\n<\/div>\n","protected":false},"excerpt":{"rendered":"<p>EU07-306 z poci\u0105giem osobowym 233 do Wa\u0142brzycha G\u0142\u00f3wnego mija posterunek Wroc\u0142aw \u015awiebodzki. 26.08.2005<\/p>\n","protected":false},"author":1,"featured_media":15451,"comment_status":"open","ping_status":"","sticky":false,"template":"","format":"standard","meta":{"footnotes":""},"categories":[62,2,311],"tags":[3584,288,122,63,27,200,41,1515],"class_list":["post-15450","post","type-post","status-publish","format-standard","has-post-thumbnail","hentry","category-analog","category-kolej","category-rok-2005","tag-2005-08-26","tag-bipa","tag-eu07","tag-pkp","tag-polska","tag-tab-pl240","tag-wroclaw","tag-wroclaw-swiebodzki"],"_links":{"self":[{"href":"http:\/\/wgphoto.pl\/t\/index.php?rest_route=\/wp\/v2\/posts\/15450","targetHints":{"allow":["GET"]}}],"collection":[{"href":"http:\/\/wgphoto.pl\/t\/index.php?rest_route=\/wp\/v2\/posts"}],"about":[{"href":"http:\/\/wgphoto.pl\/t\/index.php?rest_route=\/wp\/v2\/types\/post"}],"author":[{"embeddable":true,"href":"http:\/\/wgphoto.pl\/t\/index.php?rest_route=\/wp\/v2\/users\/1"}],"replies":[{"embeddable":true,"href":"http:\/\/wgphoto.pl\/t\/index.php?rest_route=%2Fwp%2Fv2%2Fcomments&post=15450"}],"version-history":[{"count":1,"href":"http:\/\/wgphoto.pl\/t\/index.php?rest_route=\/wp\/v2\/posts\/15450\/revisions"}],"predecessor-version":[{"id":15452,"href":"http:\/\/wgphoto.pl\/t\/index.php?rest_route=\/wp\/v2\/posts\/15450\/revisions\/15452"}],"wp:featuredmedia":[{"embeddable":true,"href":"http:\/\/wgphoto.pl\/t\/index.php?rest_route=\/wp\/v2\/media\/15451"}],"wp:attachment":[{"href":"http:\/\/wgphoto.pl\/t\/index.php?rest_route=%2Fwp%2Fv2%2Fmedia&parent=15450"}],"wp:term":[{"taxonomy":"category","embeddable":true,"href":"http:\/\/wgphoto.pl\/t\/index.php?rest_route=%2Fwp%2Fv2%2Fcategories&post=15450"},{"taxonomy":"post_tag","embeddable":true,"href":"http:\/\/wgphoto.pl\/t\/index.php?rest_route=%2Fwp%2Fv2%2Ftags&post=15450"}],"curies":[{"name":"wp","href":"https:\/\/api.w.org\/{rel}","templated":true}]}}