{"id":15456,"date":"2025-04-06T16:13:22","date_gmt":"2025-04-06T14:13:22","guid":{"rendered":"https:\/\/wgphoto.pl\/t\/?p=15456"},"modified":"2025-04-06T16:13:22","modified_gmt":"2025-04-06T14:13:22","slug":"dzieci-wesolo-wybiegly-ze-szkoly","status":"publish","type":"post","link":"http:\/\/wgphoto.pl\/t\/?p=15456","title":{"rendered":"Dzieci weso\u0142o wybieg\u0142y ze szko\u0142y"},"content":{"rendered":"\n<figure class=\"wp-block-image aligncenter size-full\"><img loading=\"lazy\" decoding=\"async\" width=\"1200\" height=\"795\" src=\"https:\/\/wgphoto.pl\/t\/wp-content\/uploads\/2025\/04\/IMGP5591.jpg\" alt=\"\" class=\"wp-image-15457\" srcset=\"http:\/\/wgphoto.pl\/t\/wp-content\/uploads\/2025\/04\/IMGP5591.jpg 1200w, http:\/\/wgphoto.pl\/t\/wp-content\/uploads\/2025\/04\/IMGP5591-300x199.jpg 300w, http:\/\/wgphoto.pl\/t\/wp-content\/uploads\/2025\/04\/IMGP5591-768x509.jpg 768w\" sizes=\"auto, (max-width: 1200px) 100vw, 1200px\" \/><\/figure>\n\n\n\n<div class=\"wp-block-group has-global-padding is-layout-constrained wp-block-group-is-layout-constrained\">\n<p>\u00c1kos, jak ka\u017cdy licealista, cieszy\u0142 si\u0119 z ostatniego dnia szko\u0142y, ale nie m\u00f3g\u0142 zrozumie\u0107, po co ka\u017c\u0105 im w taki upa\u0142 przychodzi\u0107 w garniakach, zw\u0142aszcza \u017ce musia\u0142 doje\u017cd\u017ca\u0107 takim starym szrotem sprowadzonym z Austrii. A tego dnia, jak mo\u017cna dostrzec na przystankowym wy\u015bwietlaczu, by\u0142o naprawd\u0119 upalne 37 stopni. W cieniu! 19.06.2014<\/p>\n<\/div>\n","protected":false},"excerpt":{"rendered":"<p>\u00c1kos, jak ka\u017cdy licealista, cieszy\u0142 si\u0119 z ostatniego dnia szko\u0142y, ale nie m\u00f3g\u0142 zrozumie\u0107, po co ka\u017c\u0105 im w taki upa\u0142 przychodzi\u0107 w garniakach, zw\u0142aszcza \u017ce musia\u0142 doje\u017cd\u017ca\u0107 takim starym szrotem sprowadzonym z Austrii. A tego dnia, jak mo\u017cna dostrzec na przystankowym wy\u015bwietlaczu, by\u0142o naprawd\u0119 upalne 37 stopni. W cieniu! 19.06.2014<\/p>\n","protected":false},"author":1,"featured_media":15457,"comment_status":"open","ping_status":"","sticky":false,"template":"","format":"standard","meta":{"footnotes":""},"categories":[48,3],"tags":[1007,102,101,1008,1006,219,105],"class_list":["post-15456","post","type-post","status-publish","format-standard","has-post-thumbnail","hentry","category-rok-2014","category-tramwaj","tag-2014-06-19","tag-e1","tag-gt6","tag-miszkolc","tag-mvk-miskolc","tag-przystanek","tag-wegry"],"_links":{"self":[{"href":"http:\/\/wgphoto.pl\/t\/index.php?rest_route=\/wp\/v2\/posts\/15456","targetHints":{"allow":["GET"]}}],"collection":[{"href":"http:\/\/wgphoto.pl\/t\/index.php?rest_route=\/wp\/v2\/posts"}],"about":[{"href":"http:\/\/wgphoto.pl\/t\/index.php?rest_route=\/wp\/v2\/types\/post"}],"author":[{"embeddable":true,"href":"http:\/\/wgphoto.pl\/t\/index.php?rest_route=\/wp\/v2\/users\/1"}],"replies":[{"embeddable":true,"href":"http:\/\/wgphoto.pl\/t\/index.php?rest_route=%2Fwp%2Fv2%2Fcomments&post=15456"}],"version-history":[{"count":1,"href":"http:\/\/wgphoto.pl\/t\/index.php?rest_route=\/wp\/v2\/posts\/15456\/revisions"}],"predecessor-version":[{"id":15458,"href":"http:\/\/wgphoto.pl\/t\/index.php?rest_route=\/wp\/v2\/posts\/15456\/revisions\/15458"}],"wp:featuredmedia":[{"embeddable":true,"href":"http:\/\/wgphoto.pl\/t\/index.php?rest_route=\/wp\/v2\/media\/15457"}],"wp:attachment":[{"href":"http:\/\/wgphoto.pl\/t\/index.php?rest_route=%2Fwp%2Fv2%2Fmedia&parent=15456"}],"wp:term":[{"taxonomy":"category","embeddable":true,"href":"http:\/\/wgphoto.pl\/t\/index.php?rest_route=%2Fwp%2Fv2%2Fcategories&post=15456"},{"taxonomy":"post_tag","embeddable":true,"href":"http:\/\/wgphoto.pl\/t\/index.php?rest_route=%2Fwp%2Fv2%2Ftags&post=15456"}],"curies":[{"name":"wp","href":"https:\/\/api.w.org\/{rel}","templated":true}]}}