{"id":15459,"date":"2025-04-06T16:14:20","date_gmt":"2025-04-06T14:14:20","guid":{"rendered":"https:\/\/wgphoto.pl\/t\/?p=15459"},"modified":"2025-04-06T16:14:20","modified_gmt":"2025-04-06T14:14:20","slug":"bardzo-miedzynarodowy","status":"publish","type":"post","link":"http:\/\/wgphoto.pl\/t\/?p=15459","title":{"rendered":"Bardzo mi\u0119dzynarodowy"},"content":{"rendered":"\n<figure class=\"wp-block-image aligncenter size-full\"><img loading=\"lazy\" decoding=\"async\" width=\"1200\" height=\"795\" src=\"https:\/\/wgphoto.pl\/t\/wp-content\/uploads\/2025\/04\/IMGP5102.jpg\" alt=\"\" class=\"wp-image-15460\" srcset=\"http:\/\/wgphoto.pl\/t\/wp-content\/uploads\/2025\/04\/IMGP5102.jpg 1200w, http:\/\/wgphoto.pl\/t\/wp-content\/uploads\/2025\/04\/IMGP5102-300x199.jpg 300w, http:\/\/wgphoto.pl\/t\/wp-content\/uploads\/2025\/04\/IMGP5102-768x509.jpg 768w\" sizes=\"auto, (max-width: 1200px) 100vw, 1200px\" \/><\/figure>\n\n\n\n<div class=\"wp-block-group has-global-padding is-layout-constrained wp-block-group-is-layout-constrained\">\n<p>S\u0142owacka lokomotywa poprowadzi poci\u0105g EuroNight &#8222;Metropol&#8221; z Budapesztu do Krakowa, Warszawy, Pragi i Berlina, zestawiony z wagon\u00f3w polskich, w\u0119gierskich i czeskich. W czeskiej B\u0159eclavi przetasuje si\u0119 z &#8222;Chopinem&#8221; jad\u0105cym zasadniczo z Wiednia do Warszawy. 2014-06-17<\/p>\n<\/div>\n","protected":false},"excerpt":{"rendered":"<p>S\u0142owacka lokomotywa poprowadzi poci\u0105g EuroNight &#8222;Metropol&#8221; z Budapesztu do Krakowa, Warszawy, Pragi i Berlina, zestawiony z wagon\u00f3w polskich, w\u0119gierskich i czeskich. W czeskiej B\u0159eclavi przetasuje si\u0119 z &#8222;Chopinem&#8221; jad\u0105cym zasadniczo z Wiednia do Warszawy. 2014-06-17<\/p>\n","protected":false},"author":1,"featured_media":15460,"comment_status":"open","ping_status":"","sticky":false,"template":"","format":"standard","meta":{"footnotes":""},"categories":[2,48],"tags":[2815,1705,1814,144,249,105,90,469],"class_list":["post-15459","post","type-post","status-publish","format-standard","has-post-thumbnail","hentry","category-kolej","category-rok-2014","tag-2014-06-17","tag-1705","tag-budapest-keleti","tag-budapeszt","tag-goscinne-wystepy","tag-wegry","tag-wieczorem","tag-zssk"],"_links":{"self":[{"href":"http:\/\/wgphoto.pl\/t\/index.php?rest_route=\/wp\/v2\/posts\/15459","targetHints":{"allow":["GET"]}}],"collection":[{"href":"http:\/\/wgphoto.pl\/t\/index.php?rest_route=\/wp\/v2\/posts"}],"about":[{"href":"http:\/\/wgphoto.pl\/t\/index.php?rest_route=\/wp\/v2\/types\/post"}],"author":[{"embeddable":true,"href":"http:\/\/wgphoto.pl\/t\/index.php?rest_route=\/wp\/v2\/users\/1"}],"replies":[{"embeddable":true,"href":"http:\/\/wgphoto.pl\/t\/index.php?rest_route=%2Fwp%2Fv2%2Fcomments&post=15459"}],"version-history":[{"count":1,"href":"http:\/\/wgphoto.pl\/t\/index.php?rest_route=\/wp\/v2\/posts\/15459\/revisions"}],"predecessor-version":[{"id":15461,"href":"http:\/\/wgphoto.pl\/t\/index.php?rest_route=\/wp\/v2\/posts\/15459\/revisions\/15461"}],"wp:featuredmedia":[{"embeddable":true,"href":"http:\/\/wgphoto.pl\/t\/index.php?rest_route=\/wp\/v2\/media\/15460"}],"wp:attachment":[{"href":"http:\/\/wgphoto.pl\/t\/index.php?rest_route=%2Fwp%2Fv2%2Fmedia&parent=15459"}],"wp:term":[{"taxonomy":"category","embeddable":true,"href":"http:\/\/wgphoto.pl\/t\/index.php?rest_route=%2Fwp%2Fv2%2Fcategories&post=15459"},{"taxonomy":"post_tag","embeddable":true,"href":"http:\/\/wgphoto.pl\/t\/index.php?rest_route=%2Fwp%2Fv2%2Ftags&post=15459"}],"curies":[{"name":"wp","href":"https:\/\/api.w.org\/{rel}","templated":true}]}}