{"id":15567,"date":"2025-04-06T21:16:59","date_gmt":"2025-04-06T19:16:59","guid":{"rendered":"https:\/\/wgphoto.pl\/t\/?p=15567"},"modified":"2025-04-06T21:16:59","modified_gmt":"2025-04-06T19:16:59","slug":"pasteloza","status":"publish","type":"post","link":"http:\/\/wgphoto.pl\/t\/?p=15567","title":{"rendered":"Pasteloza"},"content":{"rendered":"\n<figure class=\"wp-block-image aligncenter size-full\"><img loading=\"lazy\" decoding=\"async\" width=\"1200\" height=\"803\" src=\"https:\/\/wgphoto.pl\/t\/wp-content\/uploads\/2025\/04\/IMGP1167-1.jpg\" alt=\"\" class=\"wp-image-15568\" srcset=\"http:\/\/wgphoto.pl\/t\/wp-content\/uploads\/2025\/04\/IMGP1167-1.jpg 1200w, http:\/\/wgphoto.pl\/t\/wp-content\/uploads\/2025\/04\/IMGP1167-1-300x201.jpg 300w, http:\/\/wgphoto.pl\/t\/wp-content\/uploads\/2025\/04\/IMGP1167-1-768x514.jpg 768w\" sizes=\"auto, (max-width: 1200px) 100vw, 1200px\" \/><\/figure>\n\n\n\n<div class=\"wp-block-group has-global-padding is-layout-constrained wp-block-group-is-layout-constrained\">\n<p>Jedenastka podstawia si\u0119 na przystanek pocz\u0105tkowy na p\u0119tli w Jabloncu &#8211; zgodnie z czesk\u0105 mod\u0105 tu\u017c przed odjazdem. Strasznie frustruj\u0105ce jest sterczenie na takim zimnie gdy 30 metr\u00f3w dalej stoi porz\u0105dnie nagrzany, lecz zamkni\u0119ty tramwaj. 2009-12-28<\/p>\n<\/div>\n","protected":false},"excerpt":{"rendered":"<p>Jedenastka podstawia si\u0119 na przystanek pocz\u0105tkowy na p\u0119tli w Jabloncu &#8211; zgodnie z czesk\u0105 mod\u0105 tu\u017c przed odjazdem. Strasznie frustruj\u0105ce jest sterczenie na takim zimnie gdy 30 metr\u00f3w dalej stoi porz\u0105dnie nagrzany, lecz zamkni\u0119ty tramwaj. 2009-12-28<\/p>\n","protected":false},"author":1,"featured_media":15568,"comment_status":"open","ping_status":"","sticky":false,"template":"","format":"standard","meta":{"footnotes":""},"categories":[169,3],"tags":[874,49,875,876,44,1011,561],"class_list":["post-15567","post","type-post","status-publish","format-standard","has-post-thumbnail","hentry","category-rok-2009","category-tramwaj","tag-2009-12-28","tag-czechy","tag-dpmlj-liberec","tag-jablonec-nad-nisou","tag-snieg","tag-tatra-t3","tag-tramwaj-podmiejski"],"_links":{"self":[{"href":"http:\/\/wgphoto.pl\/t\/index.php?rest_route=\/wp\/v2\/posts\/15567","targetHints":{"allow":["GET"]}}],"collection":[{"href":"http:\/\/wgphoto.pl\/t\/index.php?rest_route=\/wp\/v2\/posts"}],"about":[{"href":"http:\/\/wgphoto.pl\/t\/index.php?rest_route=\/wp\/v2\/types\/post"}],"author":[{"embeddable":true,"href":"http:\/\/wgphoto.pl\/t\/index.php?rest_route=\/wp\/v2\/users\/1"}],"replies":[{"embeddable":true,"href":"http:\/\/wgphoto.pl\/t\/index.php?rest_route=%2Fwp%2Fv2%2Fcomments&post=15567"}],"version-history":[{"count":1,"href":"http:\/\/wgphoto.pl\/t\/index.php?rest_route=\/wp\/v2\/posts\/15567\/revisions"}],"predecessor-version":[{"id":15569,"href":"http:\/\/wgphoto.pl\/t\/index.php?rest_route=\/wp\/v2\/posts\/15567\/revisions\/15569"}],"wp:featuredmedia":[{"embeddable":true,"href":"http:\/\/wgphoto.pl\/t\/index.php?rest_route=\/wp\/v2\/media\/15568"}],"wp:attachment":[{"href":"http:\/\/wgphoto.pl\/t\/index.php?rest_route=%2Fwp%2Fv2%2Fmedia&parent=15567"}],"wp:term":[{"taxonomy":"category","embeddable":true,"href":"http:\/\/wgphoto.pl\/t\/index.php?rest_route=%2Fwp%2Fv2%2Fcategories&post=15567"},{"taxonomy":"post_tag","embeddable":true,"href":"http:\/\/wgphoto.pl\/t\/index.php?rest_route=%2Fwp%2Fv2%2Ftags&post=15567"}],"curies":[{"name":"wp","href":"https:\/\/api.w.org\/{rel}","templated":true}]}}