{"id":15600,"date":"2025-04-06T21:26:38","date_gmt":"2025-04-06T19:26:38","guid":{"rendered":"https:\/\/wgphoto.pl\/t\/?p=15600"},"modified":"2025-04-06T21:26:38","modified_gmt":"2025-04-06T19:26:38","slug":"tramwajowy-koniec-europy-2","status":"publish","type":"post","link":"http:\/\/wgphoto.pl\/t\/?p=15600","title":{"rendered":"Tramwajowy koniec Europy"},"content":{"rendered":"\n<figure class=\"wp-block-image aligncenter size-full\"><img loading=\"lazy\" decoding=\"async\" width=\"1200\" height=\"803\" src=\"https:\/\/wgphoto.pl\/t\/wp-content\/uploads\/2025\/04\/IMGP7186.jpg\" alt=\"\" class=\"wp-image-15601\" srcset=\"http:\/\/wgphoto.pl\/t\/wp-content\/uploads\/2025\/04\/IMGP7186.jpg 1200w, http:\/\/wgphoto.pl\/t\/wp-content\/uploads\/2025\/04\/IMGP7186-300x201.jpg 300w, http:\/\/wgphoto.pl\/t\/wp-content\/uploads\/2025\/04\/IMGP7186-768x514.jpg 768w\" sizes=\"auto, (max-width: 1200px) 100vw, 1200px\" \/><\/figure>\n\n\n\n<div class=\"wp-block-group has-global-padding is-layout-constrained wp-block-group-is-layout-constrained\">\n<p>Pochodz\u0105cy z 1903 roku pojazd wyrusza z w kolejny kurs znad Atlantyku do Sintry. Troch\u0119 plastikowo-zabawkowo wygl\u0105da tutejszy eletrico, pewnie cz\u0119\u015bciowo jest to kwestia trasy odbudowanej miejscowo w czasach wsp\u00f3\u0142czesnych, ale same pojazdy licz\u0105 sobie ponad 100 lat, no i dowo\u017c\u0105 nad sam ocean, widoczny po lewej. 05.09.2010<\/p>\n<\/div>\n","protected":false},"excerpt":{"rendered":"<p>Pochodz\u0105cy z 1903 roku pojazd wyrusza z w kolejny kurs znad Atlantyku do Sintry. Troch\u0119 plastikowo-zabawkowo wygl\u0105da tutejszy eletrico, pewnie cz\u0119\u015bciowo jest to kwestia trasy odbudowanej miejscowo w czasach wsp\u00f3\u0142czesnych, ale same pojazdy licz\u0105 sobie ponad 100 lat, no i dowo\u017c\u0105 nad sam ocean, widoczny po lewej. 05.09.2010<\/p>\n","protected":false},"author":1,"featured_media":15601,"comment_status":"open","ping_status":"","sticky":false,"template":"","format":"standard","meta":{"footnotes":""},"categories":[86,3],"tags":[3246,116,297,3615],"class_list":["post-15600","post","type-post","status-publish","format-standard","has-post-thumbnail","hentry","category-rok-2010","category-tramwaj","tag-2010-09-05","tag-morze","tag-portugalia","tag-sintra"],"_links":{"self":[{"href":"http:\/\/wgphoto.pl\/t\/index.php?rest_route=\/wp\/v2\/posts\/15600","targetHints":{"allow":["GET"]}}],"collection":[{"href":"http:\/\/wgphoto.pl\/t\/index.php?rest_route=\/wp\/v2\/posts"}],"about":[{"href":"http:\/\/wgphoto.pl\/t\/index.php?rest_route=\/wp\/v2\/types\/post"}],"author":[{"embeddable":true,"href":"http:\/\/wgphoto.pl\/t\/index.php?rest_route=\/wp\/v2\/users\/1"}],"replies":[{"embeddable":true,"href":"http:\/\/wgphoto.pl\/t\/index.php?rest_route=%2Fwp%2Fv2%2Fcomments&post=15600"}],"version-history":[{"count":1,"href":"http:\/\/wgphoto.pl\/t\/index.php?rest_route=\/wp\/v2\/posts\/15600\/revisions"}],"predecessor-version":[{"id":15602,"href":"http:\/\/wgphoto.pl\/t\/index.php?rest_route=\/wp\/v2\/posts\/15600\/revisions\/15602"}],"wp:featuredmedia":[{"embeddable":true,"href":"http:\/\/wgphoto.pl\/t\/index.php?rest_route=\/wp\/v2\/media\/15601"}],"wp:attachment":[{"href":"http:\/\/wgphoto.pl\/t\/index.php?rest_route=%2Fwp%2Fv2%2Fmedia&parent=15600"}],"wp:term":[{"taxonomy":"category","embeddable":true,"href":"http:\/\/wgphoto.pl\/t\/index.php?rest_route=%2Fwp%2Fv2%2Fcategories&post=15600"},{"taxonomy":"post_tag","embeddable":true,"href":"http:\/\/wgphoto.pl\/t\/index.php?rest_route=%2Fwp%2Fv2%2Ftags&post=15600"}],"curies":[{"name":"wp","href":"https:\/\/api.w.org\/{rel}","templated":true}]}}