{"id":15606,"date":"2025-04-06T21:50:37","date_gmt":"2025-04-06T19:50:37","guid":{"rendered":"https:\/\/wgphoto.pl\/t\/?p=15606"},"modified":"2025-04-06T21:50:37","modified_gmt":"2025-04-06T19:50:37","slug":"60-lat-po-wojnie","status":"publish","type":"post","link":"http:\/\/wgphoto.pl\/t\/?p=15606","title":{"rendered":"60 lat po wojnie"},"content":{"rendered":"\n<figure class=\"wp-block-image aligncenter size-full\"><img loading=\"lazy\" decoding=\"async\" width=\"1200\" height=\"803\" src=\"https:\/\/wgphoto.pl\/t\/wp-content\/uploads\/2025\/04\/IMGP5943.jpg\" alt=\"\" class=\"wp-image-15607\" srcset=\"http:\/\/wgphoto.pl\/t\/wp-content\/uploads\/2025\/04\/IMGP5943.jpg 1200w, http:\/\/wgphoto.pl\/t\/wp-content\/uploads\/2025\/04\/IMGP5943-300x201.jpg 300w, http:\/\/wgphoto.pl\/t\/wp-content\/uploads\/2025\/04\/IMGP5943-768x514.jpg 768w\" sizes=\"auto, (max-width: 1200px) 100vw, 1200px\" \/><\/figure>\n\n\n\n<div class=\"wp-block-group has-global-padding is-layout-constrained wp-block-group-is-layout-constrained\">\n<p>Ponad 60 lat po wojnie na ulicy wci\u0105\u017c poniemiecki bruk, a na kamienicach brak tynku. Cho\u0107by nie wiem jak mi ten dostawczak przeszkadza\u0142, to uj\u0119cia nie powt\u00f3rz\u0119, bo dzisiaj co prawda tramwaje nadal je\u017cd\u017c\u0105 tu po przedwojennych szynach, ale na jezdni pojawi\u0142a si\u0119 spora \u0142ata asfaltu, a kamienica w tle doczeka\u0142a si\u0119 otynkowania [opis z 2017]. 16.06.2009<\/p>\n<\/div>\n","protected":false},"excerpt":{"rendered":"<p>Ponad 60 lat po wojnie na ulicy wci\u0105\u017c poniemiecki bruk, a na kamienicach brak tynku. Cho\u0107by nie wiem jak mi ten dostawczak przeszkadza\u0142, to uj\u0119cia nie powt\u00f3rz\u0119, bo dzisiaj co prawda tramwaje nadal je\u017cd\u017c\u0105 tu po przedwojennych szynach, ale na jezdni pojawi\u0142a si\u0119 spora \u0142ata asfaltu, a kamienica w tle doczeka\u0142a si\u0119 otynkowania [opis z [&hellip;]<\/p>\n","protected":false},"author":1,"featured_media":15607,"comment_status":"open","ping_status":"","sticky":false,"template":"","format":"standard","meta":{"footnotes":""},"categories":[169,3],"tags":[155,3617,34,42,27,41],"class_list":["post-15606","post","type-post","status-publish","format-standard","has-post-thumbnail","hentry","category-rok-2009","category-tramwaj","tag-105na","tag-2009-06-16","tag-architektura","tag-mpk-wroclaw","tag-polska","tag-wroclaw"],"_links":{"self":[{"href":"http:\/\/wgphoto.pl\/t\/index.php?rest_route=\/wp\/v2\/posts\/15606","targetHints":{"allow":["GET"]}}],"collection":[{"href":"http:\/\/wgphoto.pl\/t\/index.php?rest_route=\/wp\/v2\/posts"}],"about":[{"href":"http:\/\/wgphoto.pl\/t\/index.php?rest_route=\/wp\/v2\/types\/post"}],"author":[{"embeddable":true,"href":"http:\/\/wgphoto.pl\/t\/index.php?rest_route=\/wp\/v2\/users\/1"}],"replies":[{"embeddable":true,"href":"http:\/\/wgphoto.pl\/t\/index.php?rest_route=%2Fwp%2Fv2%2Fcomments&post=15606"}],"version-history":[{"count":1,"href":"http:\/\/wgphoto.pl\/t\/index.php?rest_route=\/wp\/v2\/posts\/15606\/revisions"}],"predecessor-version":[{"id":15608,"href":"http:\/\/wgphoto.pl\/t\/index.php?rest_route=\/wp\/v2\/posts\/15606\/revisions\/15608"}],"wp:featuredmedia":[{"embeddable":true,"href":"http:\/\/wgphoto.pl\/t\/index.php?rest_route=\/wp\/v2\/media\/15607"}],"wp:attachment":[{"href":"http:\/\/wgphoto.pl\/t\/index.php?rest_route=%2Fwp%2Fv2%2Fmedia&parent=15606"}],"wp:term":[{"taxonomy":"category","embeddable":true,"href":"http:\/\/wgphoto.pl\/t\/index.php?rest_route=%2Fwp%2Fv2%2Fcategories&post=15606"},{"taxonomy":"post_tag","embeddable":true,"href":"http:\/\/wgphoto.pl\/t\/index.php?rest_route=%2Fwp%2Fv2%2Ftags&post=15606"}],"curies":[{"name":"wp","href":"https:\/\/api.w.org\/{rel}","templated":true}]}}