{"id":15645,"date":"2025-04-06T22:06:38","date_gmt":"2025-04-06T20:06:38","guid":{"rendered":"https:\/\/wgphoto.pl\/t\/?p=15645"},"modified":"2025-04-06T22:06:38","modified_gmt":"2025-04-06T20:06:38","slug":"nieprawda","status":"publish","type":"post","link":"http:\/\/wgphoto.pl\/t\/?p=15645","title":{"rendered":"Nieprawda"},"content":{"rendered":"\n<figure class=\"wp-block-image aligncenter size-full\"><img loading=\"lazy\" decoding=\"async\" width=\"1200\" height=\"795\" src=\"https:\/\/wgphoto.pl\/t\/wp-content\/uploads\/2025\/04\/IMGP2393.jpg\" alt=\"\" class=\"wp-image-15646\" srcset=\"http:\/\/wgphoto.pl\/t\/wp-content\/uploads\/2025\/04\/IMGP2393.jpg 1200w, http:\/\/wgphoto.pl\/t\/wp-content\/uploads\/2025\/04\/IMGP2393-300x199.jpg 300w, http:\/\/wgphoto.pl\/t\/wp-content\/uploads\/2025\/04\/IMGP2393-768x509.jpg 768w\" sizes=\"auto, (max-width: 1200px) 100vw, 1200px\" \/><\/figure>\n\n\n\n<div class=\"wp-block-group has-global-padding is-layout-constrained wp-block-group-is-layout-constrained\">\n<p>Opuszczona kamienica, niedzia\u0142aj\u0105ca fontanna i pusty tramwaj nie stanowi\u0105 prawdy o Ostrawie. Tramwaj wyludni\u0142 si\u0119 przystanek wcze\u015bniej (za chwil\u0119 zatrzyma si\u0119 na ko\u0144cowym), fontanna wytrysn\u0119\u0142a wod\u0105 kilka minut p\u00f3\u017aniej &#8211; punktualnie o 8:00, a kamienica\u2026 no niestety, nie jest tylko filmow\u0105 dekoracj\u0105, stoi tam naprawd\u0119. 14.08.2017<\/p>\n<\/div>\n","protected":false},"excerpt":{"rendered":"<p>Opuszczona kamienica, niedzia\u0142aj\u0105ca fontanna i pusty tramwaj nie stanowi\u0105 prawdy o Ostrawie. Tramwaj wyludni\u0142 si\u0119 przystanek wcze\u015bniej (za chwil\u0119 zatrzyma si\u0119 na ko\u0144cowym), fontanna wytrysn\u0119\u0142a wod\u0105 kilka minut p\u00f3\u017aniej &#8211; punktualnie o 8:00, a kamienica\u2026 no niestety, nie jest tylko filmow\u0105 dekoracj\u0105, stoi tam naprawd\u0119. 14.08.2017<\/p>\n","protected":false},"author":1,"featured_media":15646,"comment_status":"open","ping_status":"","sticky":false,"template":"","format":"standard","meta":{"footnotes":""},"categories":[368,3],"tags":[900,34,49,899,897,176,1011],"class_list":["post-15645","post","type-post","status-publish","format-standard","has-post-thumbnail","hentry","category-rok-2017","category-tramwaj","tag-2017-08-14","tag-architektura","tag-czechy","tag-dp-ostrava","tag-ostrawa","tag-rano","tag-tatra-t3"],"_links":{"self":[{"href":"http:\/\/wgphoto.pl\/t\/index.php?rest_route=\/wp\/v2\/posts\/15645","targetHints":{"allow":["GET"]}}],"collection":[{"href":"http:\/\/wgphoto.pl\/t\/index.php?rest_route=\/wp\/v2\/posts"}],"about":[{"href":"http:\/\/wgphoto.pl\/t\/index.php?rest_route=\/wp\/v2\/types\/post"}],"author":[{"embeddable":true,"href":"http:\/\/wgphoto.pl\/t\/index.php?rest_route=\/wp\/v2\/users\/1"}],"replies":[{"embeddable":true,"href":"http:\/\/wgphoto.pl\/t\/index.php?rest_route=%2Fwp%2Fv2%2Fcomments&post=15645"}],"version-history":[{"count":1,"href":"http:\/\/wgphoto.pl\/t\/index.php?rest_route=\/wp\/v2\/posts\/15645\/revisions"}],"predecessor-version":[{"id":15647,"href":"http:\/\/wgphoto.pl\/t\/index.php?rest_route=\/wp\/v2\/posts\/15645\/revisions\/15647"}],"wp:featuredmedia":[{"embeddable":true,"href":"http:\/\/wgphoto.pl\/t\/index.php?rest_route=\/wp\/v2\/media\/15646"}],"wp:attachment":[{"href":"http:\/\/wgphoto.pl\/t\/index.php?rest_route=%2Fwp%2Fv2%2Fmedia&parent=15645"}],"wp:term":[{"taxonomy":"category","embeddable":true,"href":"http:\/\/wgphoto.pl\/t\/index.php?rest_route=%2Fwp%2Fv2%2Fcategories&post=15645"},{"taxonomy":"post_tag","embeddable":true,"href":"http:\/\/wgphoto.pl\/t\/index.php?rest_route=%2Fwp%2Fv2%2Ftags&post=15645"}],"curies":[{"name":"wp","href":"https:\/\/api.w.org\/{rel}","templated":true}]}}