{"id":15648,"date":"2025-04-06T22:07:33","date_gmt":"2025-04-06T20:07:33","guid":{"rendered":"https:\/\/wgphoto.pl\/t\/?p=15648"},"modified":"2025-04-06T22:07:33","modified_gmt":"2025-04-06T20:07:33","slug":"sciana-blokow","status":"publish","type":"post","link":"http:\/\/wgphoto.pl\/t\/?p=15648","title":{"rendered":"\u015aciana blok\u00f3w"},"content":{"rendered":"\n<figure class=\"wp-block-image aligncenter size-full\"><img loading=\"lazy\" decoding=\"async\" width=\"1200\" height=\"800\" src=\"https:\/\/wgphoto.pl\/t\/wp-content\/uploads\/2025\/04\/0815-20.jpg\" alt=\"\" class=\"wp-image-15649\" srcset=\"http:\/\/wgphoto.pl\/t\/wp-content\/uploads\/2025\/04\/0815-20.jpg 1200w, http:\/\/wgphoto.pl\/t\/wp-content\/uploads\/2025\/04\/0815-20-300x200.jpg 300w, http:\/\/wgphoto.pl\/t\/wp-content\/uploads\/2025\/04\/0815-20-768x512.jpg 768w\" sizes=\"auto, (max-width: 1200px) 100vw, 1200px\" \/><\/figure>\n\n\n\n<div class=\"wp-block-group has-global-padding is-layout-constrained wp-block-group-is-layout-constrained\">\n<p>\u015aciana blok\u00f3w przy skrzy\u017cowaniu ulic Z\u00e1vodn\u00ed, Ruskej i Old\u0159icha Palkovsk\u00e9ho, sprawiaj\u0105ca wra\u017cenie wielkomiejsko\u015bci, sk\u0142ada si\u0119 tak naprawd\u0119 z jedynego okazalszego budynku w okolicy. 23.09.2008<\/p>\n<\/div>\n","protected":false},"excerpt":{"rendered":"<p>\u015aciana blok\u00f3w przy skrzy\u017cowaniu ulic Z\u00e1vodn\u00ed, Ruskej i Old\u0159icha Palkovsk\u00e9ho, sprawiaj\u0105ca wra\u017cenie wielkomiejsko\u015bci, sk\u0142ada si\u0119 tak naprawd\u0119 z jedynego okazalszego budynku w okolicy. 23.09.2008<\/p>\n","protected":false},"author":1,"featured_media":15649,"comment_status":"open","ping_status":"","sticky":false,"template":"","format":"standard","meta":{"footnotes":""},"categories":[62,120,3],"tags":[1742,49,899,897,1011],"class_list":["post-15648","post","type-post","status-publish","format-standard","has-post-thumbnail","hentry","category-analog","category-rok-2008","category-tramwaj","tag-2008-09-23","tag-czechy","tag-dp-ostrava","tag-ostrawa","tag-tatra-t3"],"_links":{"self":[{"href":"http:\/\/wgphoto.pl\/t\/index.php?rest_route=\/wp\/v2\/posts\/15648","targetHints":{"allow":["GET"]}}],"collection":[{"href":"http:\/\/wgphoto.pl\/t\/index.php?rest_route=\/wp\/v2\/posts"}],"about":[{"href":"http:\/\/wgphoto.pl\/t\/index.php?rest_route=\/wp\/v2\/types\/post"}],"author":[{"embeddable":true,"href":"http:\/\/wgphoto.pl\/t\/index.php?rest_route=\/wp\/v2\/users\/1"}],"replies":[{"embeddable":true,"href":"http:\/\/wgphoto.pl\/t\/index.php?rest_route=%2Fwp%2Fv2%2Fcomments&post=15648"}],"version-history":[{"count":1,"href":"http:\/\/wgphoto.pl\/t\/index.php?rest_route=\/wp\/v2\/posts\/15648\/revisions"}],"predecessor-version":[{"id":15650,"href":"http:\/\/wgphoto.pl\/t\/index.php?rest_route=\/wp\/v2\/posts\/15648\/revisions\/15650"}],"wp:featuredmedia":[{"embeddable":true,"href":"http:\/\/wgphoto.pl\/t\/index.php?rest_route=\/wp\/v2\/media\/15649"}],"wp:attachment":[{"href":"http:\/\/wgphoto.pl\/t\/index.php?rest_route=%2Fwp%2Fv2%2Fmedia&parent=15648"}],"wp:term":[{"taxonomy":"category","embeddable":true,"href":"http:\/\/wgphoto.pl\/t\/index.php?rest_route=%2Fwp%2Fv2%2Fcategories&post=15648"},{"taxonomy":"post_tag","embeddable":true,"href":"http:\/\/wgphoto.pl\/t\/index.php?rest_route=%2Fwp%2Fv2%2Ftags&post=15648"}],"curies":[{"name":"wp","href":"https:\/\/api.w.org\/{rel}","templated":true}]}}