{"id":15654,"date":"2025-04-06T22:10:48","date_gmt":"2025-04-06T20:10:48","guid":{"rendered":"https:\/\/wgphoto.pl\/t\/?p=15654"},"modified":"2025-04-06T22:10:48","modified_gmt":"2025-04-06T20:10:48","slug":"teplarna-vitkovice","status":"publish","type":"post","link":"http:\/\/wgphoto.pl\/t\/?p=15654","title":{"rendered":"Tepl\u00e1rna V\u00edtkovice"},"content":{"rendered":"\n<figure class=\"wp-block-image aligncenter size-full\"><img loading=\"lazy\" decoding=\"async\" width=\"1200\" height=\"795\" src=\"https:\/\/wgphoto.pl\/t\/wp-content\/uploads\/2025\/04\/IMGP2471-1.jpg\" alt=\"\" class=\"wp-image-15656\" srcset=\"http:\/\/wgphoto.pl\/t\/wp-content\/uploads\/2025\/04\/IMGP2471-1.jpg 1200w, http:\/\/wgphoto.pl\/t\/wp-content\/uploads\/2025\/04\/IMGP2471-1-300x199.jpg 300w, http:\/\/wgphoto.pl\/t\/wp-content\/uploads\/2025\/04\/IMGP2471-1-768x509.jpg 768w\" sizes=\"auto, (max-width: 1200px) 100vw, 1200px\" \/><\/figure>\n\n\n\n<div class=\"wp-block-group has-global-padding is-layout-constrained wp-block-group-is-layout-constrained\">\n<p>Tatry mijaj\u0105 Ciep\u0142owni\u0119 V\u00edtkovice. 14.08.2017<\/p>\n<\/div>\n","protected":false},"excerpt":{"rendered":"<p>Tatry mijaj\u0105 Ciep\u0142owni\u0119 V\u00edtkovice. 14.08.2017<\/p>\n","protected":false},"author":1,"featured_media":15656,"comment_status":"open","ping_status":"","sticky":false,"template":"","format":"standard","meta":{"footnotes":""},"categories":[368,3],"tags":[900,49,899,303,897,1011],"class_list":["post-15654","post","type-post","status-publish","format-standard","has-post-thumbnail","hentry","category-rok-2017","category-tramwaj","tag-2017-08-14","tag-czechy","tag-dp-ostrava","tag-industrial","tag-ostrawa","tag-tatra-t3"],"_links":{"self":[{"href":"http:\/\/wgphoto.pl\/t\/index.php?rest_route=\/wp\/v2\/posts\/15654","targetHints":{"allow":["GET"]}}],"collection":[{"href":"http:\/\/wgphoto.pl\/t\/index.php?rest_route=\/wp\/v2\/posts"}],"about":[{"href":"http:\/\/wgphoto.pl\/t\/index.php?rest_route=\/wp\/v2\/types\/post"}],"author":[{"embeddable":true,"href":"http:\/\/wgphoto.pl\/t\/index.php?rest_route=\/wp\/v2\/users\/1"}],"replies":[{"embeddable":true,"href":"http:\/\/wgphoto.pl\/t\/index.php?rest_route=%2Fwp%2Fv2%2Fcomments&post=15654"}],"version-history":[{"count":1,"href":"http:\/\/wgphoto.pl\/t\/index.php?rest_route=\/wp\/v2\/posts\/15654\/revisions"}],"predecessor-version":[{"id":15657,"href":"http:\/\/wgphoto.pl\/t\/index.php?rest_route=\/wp\/v2\/posts\/15654\/revisions\/15657"}],"wp:featuredmedia":[{"embeddable":true,"href":"http:\/\/wgphoto.pl\/t\/index.php?rest_route=\/wp\/v2\/media\/15656"}],"wp:attachment":[{"href":"http:\/\/wgphoto.pl\/t\/index.php?rest_route=%2Fwp%2Fv2%2Fmedia&parent=15654"}],"wp:term":[{"taxonomy":"category","embeddable":true,"href":"http:\/\/wgphoto.pl\/t\/index.php?rest_route=%2Fwp%2Fv2%2Fcategories&post=15654"},{"taxonomy":"post_tag","embeddable":true,"href":"http:\/\/wgphoto.pl\/t\/index.php?rest_route=%2Fwp%2Fv2%2Ftags&post=15654"}],"curies":[{"name":"wp","href":"https:\/\/api.w.org\/{rel}","templated":true}]}}