{"id":15679,"date":"2025-04-07T16:57:23","date_gmt":"2025-04-07T14:57:23","guid":{"rendered":"https:\/\/wgphoto.pl\/t\/?p=15679"},"modified":"2025-04-07T16:57:23","modified_gmt":"2025-04-07T14:57:23","slug":"dobra-zmiana","status":"publish","type":"post","link":"http:\/\/wgphoto.pl\/t\/?p=15679","title":{"rendered":"\u2026dobra zmiana"},"content":{"rendered":"\n<figure class=\"wp-block-image aligncenter size-full\"><img loading=\"lazy\" decoding=\"async\" width=\"1200\" height=\"795\" src=\"https:\/\/wgphoto.pl\/t\/wp-content\/uploads\/2025\/04\/IMGP2695.jpg\" alt=\"\" class=\"wp-image-15680\" srcset=\"http:\/\/wgphoto.pl\/t\/wp-content\/uploads\/2025\/04\/IMGP2695.jpg 1200w, http:\/\/wgphoto.pl\/t\/wp-content\/uploads\/2025\/04\/IMGP2695-300x199.jpg 300w, http:\/\/wgphoto.pl\/t\/wp-content\/uploads\/2025\/04\/IMGP2695-768x509.jpg 768w\" sizes=\"auto, (max-width: 1200px) 100vw, 1200px\" \/><\/figure>\n\n\n\n<div class=\"wp-block-group has-global-padding is-layout-constrained wp-block-group-is-layout-constrained\">\n<p>Je\u015bli ju\u017c zamawiamy tramwaje bez skos\u00f3w w dolnej cz\u0119\u015bci pud\u0142a (a tak\u0105 taktyk\u0119 przyj\u0119\u0142o np. MPK Wroc\u0142aw), dobrze by by\u0142o ten fakt wykorzysta\u0107. W tym celu wystarcz\u0105: odpowiednia wysoko\u015b\u0107 i odleg\u0142o\u015b\u0107 kraw\u0119dzi peronu od osi toru, gumowy pr\u00f3g w drzwiach tramwaju oraz troch\u0119 ch\u0119ci i pomy\u015blunku. Nie trzeba jecha\u0107 do Francji \u017ceby zobaczy\u0107 to w praktyce &#8211; wystarczy w\u0119gierski Segedyn z tramwajami polskiej produkcji. 22.08.2015<\/p>\n<\/div>\n","protected":false},"excerpt":{"rendered":"<p>Je\u015bli ju\u017c zamawiamy tramwaje bez skos\u00f3w w dolnej cz\u0119\u015bci pud\u0142a (a tak\u0105 taktyk\u0119 przyj\u0119\u0142o np. MPK Wroc\u0142aw), dobrze by by\u0142o ten fakt wykorzysta\u0107. W tym celu wystarcz\u0105: odpowiednia wysoko\u015b\u0107 i odleg\u0142o\u015b\u0107 kraw\u0119dzi peronu od osi toru, gumowy pr\u00f3g w drzwiach tramwaju oraz troch\u0119 ch\u0119ci i pomy\u015blunku. Nie trzeba jecha\u0107 do Francji \u017ceby zobaczy\u0107 to w [&hellip;]<\/p>\n","protected":false},"author":1,"featured_media":15680,"comment_status":"open","ping_status":"","sticky":false,"template":"","format":"standard","meta":{"footnotes":""},"categories":[220,104,3],"tags":[1703,230,1161,106,1790,107,105,454],"class_list":["post-15679","post","type-post","status-publish","format-standard","has-post-thumbnail","hentry","category-blo","category-rok-2015","category-tramwaj","tag-2015-08-22","tag-infrastruktura","tag-pesa-swing","tag-segedyn","tag-szkt-szeged","tag-wakacje-2015","tag-wegry","tag-wnetrza-pojazdow"],"_links":{"self":[{"href":"http:\/\/wgphoto.pl\/t\/index.php?rest_route=\/wp\/v2\/posts\/15679","targetHints":{"allow":["GET"]}}],"collection":[{"href":"http:\/\/wgphoto.pl\/t\/index.php?rest_route=\/wp\/v2\/posts"}],"about":[{"href":"http:\/\/wgphoto.pl\/t\/index.php?rest_route=\/wp\/v2\/types\/post"}],"author":[{"embeddable":true,"href":"http:\/\/wgphoto.pl\/t\/index.php?rest_route=\/wp\/v2\/users\/1"}],"replies":[{"embeddable":true,"href":"http:\/\/wgphoto.pl\/t\/index.php?rest_route=%2Fwp%2Fv2%2Fcomments&post=15679"}],"version-history":[{"count":1,"href":"http:\/\/wgphoto.pl\/t\/index.php?rest_route=\/wp\/v2\/posts\/15679\/revisions"}],"predecessor-version":[{"id":15681,"href":"http:\/\/wgphoto.pl\/t\/index.php?rest_route=\/wp\/v2\/posts\/15679\/revisions\/15681"}],"wp:featuredmedia":[{"embeddable":true,"href":"http:\/\/wgphoto.pl\/t\/index.php?rest_route=\/wp\/v2\/media\/15680"}],"wp:attachment":[{"href":"http:\/\/wgphoto.pl\/t\/index.php?rest_route=%2Fwp%2Fv2%2Fmedia&parent=15679"}],"wp:term":[{"taxonomy":"category","embeddable":true,"href":"http:\/\/wgphoto.pl\/t\/index.php?rest_route=%2Fwp%2Fv2%2Fcategories&post=15679"},{"taxonomy":"post_tag","embeddable":true,"href":"http:\/\/wgphoto.pl\/t\/index.php?rest_route=%2Fwp%2Fv2%2Ftags&post=15679"}],"curies":[{"name":"wp","href":"https:\/\/api.w.org\/{rel}","templated":true}]}}