{"id":15739,"date":"2025-04-07T17:40:18","date_gmt":"2025-04-07T15:40:18","guid":{"rendered":"https:\/\/wgphoto.pl\/t\/?p=15739"},"modified":"2025-04-07T17:40:18","modified_gmt":"2025-04-07T15:40:18","slug":"t4su-847","status":"publish","type":"post","link":"http:\/\/wgphoto.pl\/t\/?p=15739","title":{"rendered":"T4SU 847"},"content":{"rendered":"\n<figure class=\"wp-block-image aligncenter size-full\"><img loading=\"lazy\" decoding=\"async\" width=\"1200\" height=\"803\" src=\"https:\/\/wgphoto.pl\/t\/wp-content\/uploads\/2025\/04\/IMGP8718.jpg\" alt=\"\" class=\"wp-image-15740\" srcset=\"http:\/\/wgphoto.pl\/t\/wp-content\/uploads\/2025\/04\/IMGP8718.jpg 1200w, http:\/\/wgphoto.pl\/t\/wp-content\/uploads\/2025\/04\/IMGP8718-300x201.jpg 300w, http:\/\/wgphoto.pl\/t\/wp-content\/uploads\/2025\/04\/IMGP8718-768x514.jpg 768w\" sizes=\"auto, (max-width: 1200px) 100vw, 1200px\" \/><\/figure>\n\n\n\n<div class=\"wp-block-group has-global-padding is-layout-constrained wp-block-group-is-layout-constrained\">\n<p>Lw\u00f3w, ul. Iwana Neczuja-\u0141ewyckiego. W nawi\u0105zaniu do poprzedniego kadru &#8211; tutaj przez minione dziesi\u0119ciolecia pewnie te\u017c zbyt wiele si\u0119 nie zmieni\u0142o do dzi\u015b i zapewne r\u00f3wnie\u017c tylko tramwaj tego typu ju\u017c si\u0119 tutaj nie pojawia, Tatry T4 ju\u017c wtedy by\u0142y rzadko\u015bci\u0105. 25.08.2009<\/p>\n<\/div>\n","protected":false},"excerpt":{"rendered":"<p>Lw\u00f3w, ul. Iwana Neczuja-\u0141ewyckiego. W nawi\u0105zaniu do poprzedniego kadru &#8211; tutaj przez minione dziesi\u0119ciolecia pewnie te\u017c zbyt wiele si\u0119 nie zmieni\u0142o do dzi\u015b i zapewne r\u00f3wnie\u017c tylko tramwaj tego typu ju\u017c si\u0119 tutaj nie pojawia, Tatry T4 ju\u017c wtedy by\u0142y rzadko\u015bci\u0105. 25.08.2009<\/p>\n","protected":false},"author":1,"featured_media":15740,"comment_status":"open","ping_status":"","sticky":false,"template":"","format":"standard","meta":{"footnotes":""},"categories":[169,3],"tags":[1445,974,1112,453],"class_list":["post-15739","post","type-post","status-publish","format-standard","has-post-thumbnail","hentry","category-rok-2009","category-tramwaj","tag-2009-08-25","tag-lwow","tag-tatra-t4","tag-ukraina"],"_links":{"self":[{"href":"http:\/\/wgphoto.pl\/t\/index.php?rest_route=\/wp\/v2\/posts\/15739","targetHints":{"allow":["GET"]}}],"collection":[{"href":"http:\/\/wgphoto.pl\/t\/index.php?rest_route=\/wp\/v2\/posts"}],"about":[{"href":"http:\/\/wgphoto.pl\/t\/index.php?rest_route=\/wp\/v2\/types\/post"}],"author":[{"embeddable":true,"href":"http:\/\/wgphoto.pl\/t\/index.php?rest_route=\/wp\/v2\/users\/1"}],"replies":[{"embeddable":true,"href":"http:\/\/wgphoto.pl\/t\/index.php?rest_route=%2Fwp%2Fv2%2Fcomments&post=15739"}],"version-history":[{"count":1,"href":"http:\/\/wgphoto.pl\/t\/index.php?rest_route=\/wp\/v2\/posts\/15739\/revisions"}],"predecessor-version":[{"id":15741,"href":"http:\/\/wgphoto.pl\/t\/index.php?rest_route=\/wp\/v2\/posts\/15739\/revisions\/15741"}],"wp:featuredmedia":[{"embeddable":true,"href":"http:\/\/wgphoto.pl\/t\/index.php?rest_route=\/wp\/v2\/media\/15740"}],"wp:attachment":[{"href":"http:\/\/wgphoto.pl\/t\/index.php?rest_route=%2Fwp%2Fv2%2Fmedia&parent=15739"}],"wp:term":[{"taxonomy":"category","embeddable":true,"href":"http:\/\/wgphoto.pl\/t\/index.php?rest_route=%2Fwp%2Fv2%2Fcategories&post=15739"},{"taxonomy":"post_tag","embeddable":true,"href":"http:\/\/wgphoto.pl\/t\/index.php?rest_route=%2Fwp%2Fv2%2Ftags&post=15739"}],"curies":[{"name":"wp","href":"https:\/\/api.w.org\/{rel}","templated":true}]}}