{"id":15787,"date":"2025-04-07T20:54:04","date_gmt":"2025-04-07T18:54:04","guid":{"rendered":"https:\/\/wgphoto.pl\/t\/?p=15787"},"modified":"2025-04-07T20:54:04","modified_gmt":"2025-04-07T18:54:04","slug":"zmiana-toru","status":"publish","type":"post","link":"http:\/\/wgphoto.pl\/t\/?p=15787","title":{"rendered":"Zmiana toru"},"content":{"rendered":"\n<figure class=\"wp-block-image aligncenter size-full\"><img loading=\"lazy\" decoding=\"async\" width=\"1200\" height=\"800\" src=\"https:\/\/wgphoto.pl\/t\/wp-content\/uploads\/2025\/04\/2002x-05a.jpg\" alt=\"\" class=\"wp-image-15788\" srcset=\"http:\/\/wgphoto.pl\/t\/wp-content\/uploads\/2025\/04\/2002x-05a.jpg 1200w, http:\/\/wgphoto.pl\/t\/wp-content\/uploads\/2025\/04\/2002x-05a-300x200.jpg 300w, http:\/\/wgphoto.pl\/t\/wp-content\/uploads\/2025\/04\/2002x-05a-768x512.jpg 768w\" sizes=\"auto, (max-width: 1200px) 100vw, 1200px\" \/><\/figure>\n\n\n\n<div class=\"wp-block-group has-global-padding is-layout-constrained wp-block-group-is-layout-constrained\">\n<p>Dwutorowa linia z S\u0119dzis\u0142awia na stacji w Kamiennej G\u00f3rze przechodzi w jednotorow\u0105 do Lubawki. Regu\u0142\u0105 by\u0142a zmiana toru przez poci\u0105gi pasa\u017cerskie jad\u0105ce w kierunku po\u0142udniowym na p\u00f3\u0142nocnej g\u0142owicy stacji. Na zdj\u0119ciu: poci\u0105g 7722 rel. Wa\u0142brzych G\u0142. &#8211; Lubawka z SP32-069 na czele min\u0105\u0142 nastawni\u0119 dysponuj\u0105c\u0105. 06.10.2002<\/p>\n<\/div>\n","protected":false},"excerpt":{"rendered":"<p>Dwutorowa linia z S\u0119dzis\u0142awia na stacji w Kamiennej G\u00f3rze przechodzi w jednotorow\u0105 do Lubawki. Regu\u0142\u0105 by\u0142a zmiana toru przez poci\u0105gi pasa\u017cerskie jad\u0105ce w kierunku po\u0142udniowym na p\u00f3\u0142nocnej g\u0142owicy stacji. Na zdj\u0119ciu: poci\u0105g 7722 rel. Wa\u0142brzych G\u0142. &#8211; Lubawka z SP32-069 na czele min\u0105\u0142 nastawni\u0119 dysponuj\u0105c\u0105. 06.10.2002<\/p>\n","protected":false},"author":1,"featured_media":15788,"comment_status":"open","ping_status":"","sticky":false,"template":"","format":"standard","meta":{"footnotes":""},"categories":[62,2,577],"tags":[3640,629,63,27,385,53,627,231],"class_list":["post-15787","post","type-post","status-publish","format-standard","has-post-thumbnail","hentry","category-analog","category-kolej","category-rok-2002","tag-2002-10-06","tag-kamienna-gora","tag-pkp","tag-polska","tag-sp32","tag-sygnalizacja-ksztaltowa","tag-tab-pl247","tag-wieza-cisnien"],"_links":{"self":[{"href":"http:\/\/wgphoto.pl\/t\/index.php?rest_route=\/wp\/v2\/posts\/15787","targetHints":{"allow":["GET"]}}],"collection":[{"href":"http:\/\/wgphoto.pl\/t\/index.php?rest_route=\/wp\/v2\/posts"}],"about":[{"href":"http:\/\/wgphoto.pl\/t\/index.php?rest_route=\/wp\/v2\/types\/post"}],"author":[{"embeddable":true,"href":"http:\/\/wgphoto.pl\/t\/index.php?rest_route=\/wp\/v2\/users\/1"}],"replies":[{"embeddable":true,"href":"http:\/\/wgphoto.pl\/t\/index.php?rest_route=%2Fwp%2Fv2%2Fcomments&post=15787"}],"version-history":[{"count":1,"href":"http:\/\/wgphoto.pl\/t\/index.php?rest_route=\/wp\/v2\/posts\/15787\/revisions"}],"predecessor-version":[{"id":15789,"href":"http:\/\/wgphoto.pl\/t\/index.php?rest_route=\/wp\/v2\/posts\/15787\/revisions\/15789"}],"wp:featuredmedia":[{"embeddable":true,"href":"http:\/\/wgphoto.pl\/t\/index.php?rest_route=\/wp\/v2\/media\/15788"}],"wp:attachment":[{"href":"http:\/\/wgphoto.pl\/t\/index.php?rest_route=%2Fwp%2Fv2%2Fmedia&parent=15787"}],"wp:term":[{"taxonomy":"category","embeddable":true,"href":"http:\/\/wgphoto.pl\/t\/index.php?rest_route=%2Fwp%2Fv2%2Fcategories&post=15787"},{"taxonomy":"post_tag","embeddable":true,"href":"http:\/\/wgphoto.pl\/t\/index.php?rest_route=%2Fwp%2Fv2%2Ftags&post=15787"}],"curies":[{"name":"wp","href":"https:\/\/api.w.org\/{rel}","templated":true}]}}