{"id":15790,"date":"2025-04-07T20:55:03","date_gmt":"2025-04-07T18:55:03","guid":{"rendered":"https:\/\/wgphoto.pl\/t\/?p=15790"},"modified":"2025-04-07T20:55:03","modified_gmt":"2025-04-07T18:55:03","slug":"na-zakonczenie-dnia","status":"publish","type":"post","link":"http:\/\/wgphoto.pl\/t\/?p=15790","title":{"rendered":"Na zako\u0144czenie dnia"},"content":{"rendered":"\n<figure class=\"wp-block-image aligncenter size-full\"><img loading=\"lazy\" decoding=\"async\" width=\"1200\" height=\"800\" src=\"https:\/\/wgphoto.pl\/t\/wp-content\/uploads\/2025\/04\/0901-15.jpg\" alt=\"\" class=\"wp-image-15791\" srcset=\"http:\/\/wgphoto.pl\/t\/wp-content\/uploads\/2025\/04\/0901-15.jpg 1200w, http:\/\/wgphoto.pl\/t\/wp-content\/uploads\/2025\/04\/0901-15-300x200.jpg 300w, http:\/\/wgphoto.pl\/t\/wp-content\/uploads\/2025\/04\/0901-15-768x512.jpg 768w\" sizes=\"auto, (max-width: 1200px) 100vw, 1200px\" \/><\/figure>\n\n\n\n<div class=\"wp-block-group has-global-padding is-layout-constrained wp-block-group-is-layout-constrained\">\n<p>Podg K\u0142odzko Nowe. SP32-210 \u0142api\u0105c ostatnie promienie zachodz\u0105cego s\u0142o\u0144ca prowadzi poci\u0105g osobowy 6625 &#8222;Szklarka&#8221; z Poznania do Kudowy-Zdroju (wagony bezpo\u015brednie od poci\u0105gu Pozna\u0144 G\u0142\u00f3wny &#8211; Szklarska Por\u0119ba G\u00f3rna). 25.01.2009<\/p>\n<\/div>\n","protected":false},"excerpt":{"rendered":"<p>Podg K\u0142odzko Nowe. SP32-210 \u0142api\u0105c ostatnie promienie zachodz\u0105cego s\u0142o\u0144ca prowadzi poci\u0105g osobowy 6625 &#8222;Szklarka&#8221; z Poznania do Kudowy-Zdroju (wagony bezpo\u015brednie od poci\u0105gu Pozna\u0144 G\u0142\u00f3wny &#8211; Szklarska Por\u0119ba G\u00f3rna). 25.01.2009<\/p>\n","protected":false},"author":1,"featured_media":15791,"comment_status":"open","ping_status":"","sticky":false,"template":"","format":"standard","meta":{"footnotes":""},"categories":[62,2,169],"tags":[2208,3559,63,27,385,383],"class_list":["post-15790","post","type-post","status-publish","format-standard","has-post-thumbnail","hentry","category-analog","category-kolej","category-rok-2009","tag-2009-01-25","tag-klodzko-nowe","tag-pkp","tag-polska","tag-sp32","tag-tab-pl230"],"_links":{"self":[{"href":"http:\/\/wgphoto.pl\/t\/index.php?rest_route=\/wp\/v2\/posts\/15790","targetHints":{"allow":["GET"]}}],"collection":[{"href":"http:\/\/wgphoto.pl\/t\/index.php?rest_route=\/wp\/v2\/posts"}],"about":[{"href":"http:\/\/wgphoto.pl\/t\/index.php?rest_route=\/wp\/v2\/types\/post"}],"author":[{"embeddable":true,"href":"http:\/\/wgphoto.pl\/t\/index.php?rest_route=\/wp\/v2\/users\/1"}],"replies":[{"embeddable":true,"href":"http:\/\/wgphoto.pl\/t\/index.php?rest_route=%2Fwp%2Fv2%2Fcomments&post=15790"}],"version-history":[{"count":1,"href":"http:\/\/wgphoto.pl\/t\/index.php?rest_route=\/wp\/v2\/posts\/15790\/revisions"}],"predecessor-version":[{"id":15792,"href":"http:\/\/wgphoto.pl\/t\/index.php?rest_route=\/wp\/v2\/posts\/15790\/revisions\/15792"}],"wp:featuredmedia":[{"embeddable":true,"href":"http:\/\/wgphoto.pl\/t\/index.php?rest_route=\/wp\/v2\/media\/15791"}],"wp:attachment":[{"href":"http:\/\/wgphoto.pl\/t\/index.php?rest_route=%2Fwp%2Fv2%2Fmedia&parent=15790"}],"wp:term":[{"taxonomy":"category","embeddable":true,"href":"http:\/\/wgphoto.pl\/t\/index.php?rest_route=%2Fwp%2Fv2%2Fcategories&post=15790"},{"taxonomy":"post_tag","embeddable":true,"href":"http:\/\/wgphoto.pl\/t\/index.php?rest_route=%2Fwp%2Fv2%2Ftags&post=15790"}],"curies":[{"name":"wp","href":"https:\/\/api.w.org\/{rel}","templated":true}]}}