{"id":15796,"date":"2025-04-07T20:57:07","date_gmt":"2025-04-07T18:57:07","guid":{"rendered":"https:\/\/wgphoto.pl\/t\/?p=15796"},"modified":"2025-04-07T22:39:16","modified_gmt":"2025-04-07T20:39:16","slug":"wolna-droga-do-niemiec","status":"publish","type":"post","link":"http:\/\/wgphoto.pl\/t\/?p=15796","title":{"rendered":"Wolna droga do Niemiec"},"content":{"rendered":"\n<figure class=\"wp-block-image aligncenter size-full\"><img loading=\"lazy\" decoding=\"async\" width=\"1200\" height=\"795\" src=\"https:\/\/wgphoto.pl\/t\/wp-content\/uploads\/2025\/04\/IMGP2929.jpg\" alt=\"\" class=\"wp-image-15797\" srcset=\"http:\/\/wgphoto.pl\/t\/wp-content\/uploads\/2025\/04\/IMGP2929.jpg 1200w, http:\/\/wgphoto.pl\/t\/wp-content\/uploads\/2025\/04\/IMGP2929-300x199.jpg 300w, http:\/\/wgphoto.pl\/t\/wp-content\/uploads\/2025\/04\/IMGP2929-768x509.jpg 768w\" sizes=\"auto, (max-width: 1200px) 100vw, 1200px\" \/><\/figure>\n\n\n\n<div class=\"wp-block-group has-global-padding is-layout-constrained wp-block-group-is-layout-constrained\">\n<p>Poci\u0105g osobowy 20925 relacji Seifhennersdorf &#8211; Gro\u00dfsch\u00f6nau odje\u017cd\u017ca z czeskiego Varnsdorfu. Na swej 9-kilometrowej trasie dwukrotnie przekracza granic\u0119 pa\u0144stwa. 20.09.2017<\/p>\n<\/div>\n","protected":false},"excerpt":{"rendered":"<p>Poci\u0105g osobowy 20925 relacji Seifhennersdorf &#8211; Gro\u00dfsch\u00f6nau odje\u017cd\u017ca z czeskiego Varnsdorfu. Na swej 9-kilometrowej trasie dwukrotnie przekracza granic\u0119 pa\u0144stwa. 20.09.2017<\/p>\n","protected":false},"author":1,"featured_media":15797,"comment_status":"open","ping_status":"","sticky":false,"template":"","format":"standard","meta":{"footnotes":""},"categories":[2,368],"tags":[3641,49,3026,313,1599,2911,2912,2185],"class_list":["post-15796","post","type-post","status-publish","format-standard","has-post-thumbnail","hentry","category-kolej","category-rok-2017","tag-2017-09-20","tag-czechy","tag-dlb","tag-dyzurny","tag-stadler-regio-shuttle","tag-tab-cz089","tag-varnsdorf","tag-vogtlandbahn"],"_links":{"self":[{"href":"http:\/\/wgphoto.pl\/t\/index.php?rest_route=\/wp\/v2\/posts\/15796","targetHints":{"allow":["GET"]}}],"collection":[{"href":"http:\/\/wgphoto.pl\/t\/index.php?rest_route=\/wp\/v2\/posts"}],"about":[{"href":"http:\/\/wgphoto.pl\/t\/index.php?rest_route=\/wp\/v2\/types\/post"}],"author":[{"embeddable":true,"href":"http:\/\/wgphoto.pl\/t\/index.php?rest_route=\/wp\/v2\/users\/1"}],"replies":[{"embeddable":true,"href":"http:\/\/wgphoto.pl\/t\/index.php?rest_route=%2Fwp%2Fv2%2Fcomments&post=15796"}],"version-history":[{"count":1,"href":"http:\/\/wgphoto.pl\/t\/index.php?rest_route=\/wp\/v2\/posts\/15796\/revisions"}],"predecessor-version":[{"id":15798,"href":"http:\/\/wgphoto.pl\/t\/index.php?rest_route=\/wp\/v2\/posts\/15796\/revisions\/15798"}],"wp:featuredmedia":[{"embeddable":true,"href":"http:\/\/wgphoto.pl\/t\/index.php?rest_route=\/wp\/v2\/media\/15797"}],"wp:attachment":[{"href":"http:\/\/wgphoto.pl\/t\/index.php?rest_route=%2Fwp%2Fv2%2Fmedia&parent=15796"}],"wp:term":[{"taxonomy":"category","embeddable":true,"href":"http:\/\/wgphoto.pl\/t\/index.php?rest_route=%2Fwp%2Fv2%2Fcategories&post=15796"},{"taxonomy":"post_tag","embeddable":true,"href":"http:\/\/wgphoto.pl\/t\/index.php?rest_route=%2Fwp%2Fv2%2Ftags&post=15796"}],"curies":[{"name":"wp","href":"https:\/\/api.w.org\/{rel}","templated":true}]}}