{"id":15799,"date":"2025-04-07T20:57:56","date_gmt":"2025-04-07T18:57:56","guid":{"rendered":"https:\/\/wgphoto.pl\/t\/?p=15799"},"modified":"2025-04-07T20:57:56","modified_gmt":"2025-04-07T18:57:56","slug":"zmiana-klimatu","status":"publish","type":"post","link":"http:\/\/wgphoto.pl\/t\/?p=15799","title":{"rendered":"Zmiana klimatu"},"content":{"rendered":"\n<figure class=\"wp-block-image aligncenter size-full\"><img loading=\"lazy\" decoding=\"async\" width=\"1200\" height=\"675\" src=\"https:\/\/wgphoto.pl\/t\/wp-content\/uploads\/2025\/04\/IMGP2946.jpg\" alt=\"\" class=\"wp-image-15800\" srcset=\"http:\/\/wgphoto.pl\/t\/wp-content\/uploads\/2025\/04\/IMGP2946.jpg 1200w, http:\/\/wgphoto.pl\/t\/wp-content\/uploads\/2025\/04\/IMGP2946-300x169.jpg 300w, http:\/\/wgphoto.pl\/t\/wp-content\/uploads\/2025\/04\/IMGP2946-768x432.jpg 768w\" sizes=\"auto, (max-width: 1200px) 100vw, 1200px\" \/><\/figure>\n\n\n\n<div class=\"wp-block-group has-global-padding is-layout-constrained wp-block-group-is-layout-constrained\">\n<p>11 kilometr\u00f3w dalej i 40 minut p\u00f3\u017aniej wzgl\u0119dem poprzedniego zdj\u0119cia warunki znacz\u0105co si\u0119 zmieni\u0142y &#8211; zrobi\u0142o si\u0119 tak ciemno, \u017ce w\u0142\u0105czy\u0142y si\u0119 peronowe latarnie, a z tych pi\u0119knych chmur, jak tylko widoczne poci\u0105gi rozjecha\u0142y si\u0119 w swoich kierunkach, zacz\u0105\u0142 la\u0107 deszcz. Przy okazji mo\u017cna zaobserwowa\u0107 niepokoj\u0105cy, bo d\u0105\u017c\u0105cy ju\u017c do bezsensu styl ostatnich przebud\u00f3w czeskich stacji. Zgodnie z ostatnimi standardami zbudowano wprawdzie szeroki peron, ale jest on niski oraz pozbawiony utwardzonej nawierzchni, tak samo jak jego poprzednik. Bior\u0105c zatem pod uwag\u0119, \u017ce peron nie musi by\u0107 szeroki, bo nie przebywa na nim nigdy jednocze\u015bnie 200 os\u00f3b (na takich stacjach nie oczekuje si\u0119 na poci\u0105g na peronie), a jest to jedyna r\u00f3\u017cnica wzgl\u0119dem tego co tu by\u0142o wcze\u015bniej, sami wyci\u0105gnijcie wnioski\u2026 20.09.2017<\/p>\n<\/div>\n","protected":false},"excerpt":{"rendered":"<p>11 kilometr\u00f3w dalej i 40 minut p\u00f3\u017aniej wzgl\u0119dem poprzedniego zdj\u0119cia warunki znacz\u0105co si\u0119 zmieni\u0142y &#8211; zrobi\u0142o si\u0119 tak ciemno, \u017ce w\u0142\u0105czy\u0142y si\u0119 peronowe latarnie, a z tych pi\u0119knych chmur, jak tylko widoczne poci\u0105gi rozjecha\u0142y si\u0119 w swoich kierunkach, zacz\u0105\u0142 la\u0107 deszcz. Przy okazji mo\u017cna zaobserwowa\u0107 niepokoj\u0105cy, bo d\u0105\u017c\u0105cy ju\u017c do bezsensu styl ostatnich przebud\u00f3w czeskich [&hellip;]<\/p>\n","protected":false},"author":1,"featured_media":15800,"comment_status":"open","ping_status":"","sticky":false,"template":"","format":"standard","meta":{"footnotes":""},"categories":[2,368],"tags":[3641,211,552,50,49,3026,173,3642,1599,1953,2911,2185],"class_list":["post-15799","post","type-post","status-publish","format-standard","has-post-thumbnail","hentry","category-kolej","category-rok-2017","tag-2017-09-20","tag-211","tag-552","tag-cd","tag-czechy","tag-dlb","tag-koncowki","tag-rybniste","tag-stadler-regio-shuttle","tag-tab-cz081","tag-tab-cz089","tag-vogtlandbahn"],"_links":{"self":[{"href":"http:\/\/wgphoto.pl\/t\/index.php?rest_route=\/wp\/v2\/posts\/15799","targetHints":{"allow":["GET"]}}],"collection":[{"href":"http:\/\/wgphoto.pl\/t\/index.php?rest_route=\/wp\/v2\/posts"}],"about":[{"href":"http:\/\/wgphoto.pl\/t\/index.php?rest_route=\/wp\/v2\/types\/post"}],"author":[{"embeddable":true,"href":"http:\/\/wgphoto.pl\/t\/index.php?rest_route=\/wp\/v2\/users\/1"}],"replies":[{"embeddable":true,"href":"http:\/\/wgphoto.pl\/t\/index.php?rest_route=%2Fwp%2Fv2%2Fcomments&post=15799"}],"version-history":[{"count":1,"href":"http:\/\/wgphoto.pl\/t\/index.php?rest_route=\/wp\/v2\/posts\/15799\/revisions"}],"predecessor-version":[{"id":15801,"href":"http:\/\/wgphoto.pl\/t\/index.php?rest_route=\/wp\/v2\/posts\/15799\/revisions\/15801"}],"wp:featuredmedia":[{"embeddable":true,"href":"http:\/\/wgphoto.pl\/t\/index.php?rest_route=\/wp\/v2\/media\/15800"}],"wp:attachment":[{"href":"http:\/\/wgphoto.pl\/t\/index.php?rest_route=%2Fwp%2Fv2%2Fmedia&parent=15799"}],"wp:term":[{"taxonomy":"category","embeddable":true,"href":"http:\/\/wgphoto.pl\/t\/index.php?rest_route=%2Fwp%2Fv2%2Fcategories&post=15799"},{"taxonomy":"post_tag","embeddable":true,"href":"http:\/\/wgphoto.pl\/t\/index.php?rest_route=%2Fwp%2Fv2%2Ftags&post=15799"}],"curies":[{"name":"wp","href":"https:\/\/api.w.org\/{rel}","templated":true}]}}