{"id":15802,"date":"2025-04-07T20:58:54","date_gmt":"2025-04-07T18:58:54","guid":{"rendered":"https:\/\/wgphoto.pl\/t\/?p=15802"},"modified":"2025-04-07T20:58:54","modified_gmt":"2025-04-07T18:58:54","slug":"zlota-jesien-3","status":"publish","type":"post","link":"http:\/\/wgphoto.pl\/t\/?p=15802","title":{"rendered":"Z\u0142ota jesie\u0144"},"content":{"rendered":"\n<figure class=\"wp-block-image aligncenter size-full\"><img loading=\"lazy\" decoding=\"async\" width=\"1200\" height=\"795\" src=\"https:\/\/wgphoto.pl\/t\/wp-content\/uploads\/2025\/04\/IMGP4120wg.jpg\" alt=\"\" class=\"wp-image-15803\" srcset=\"http:\/\/wgphoto.pl\/t\/wp-content\/uploads\/2025\/04\/IMGP4120wg.jpg 1200w, http:\/\/wgphoto.pl\/t\/wp-content\/uploads\/2025\/04\/IMGP4120wg-300x199.jpg 300w, http:\/\/wgphoto.pl\/t\/wp-content\/uploads\/2025\/04\/IMGP4120wg-768x509.jpg 768w\" sizes=\"auto, (max-width: 1200px) 100vw, 1200px\" \/><\/figure>\n\n\n\n<div class=\"wp-block-group has-global-padding is-layout-constrained wp-block-group-is-layout-constrained\">\n<p>EU07-1522 z wagonami nieokre\u015blonego przeznaczenia jedzie w kierunku Jeleniej G\u00f3ry mijaj\u0105c G\u00f3ry O\u0142owiane sk\u0105pane w barwach jesieni. 17.10.2017<\/p>\n<\/div>\n","protected":false},"excerpt":{"rendered":"<p>EU07-1522 z wagonami nieokre\u015blonego przeznaczenia jedzie w kierunku Jeleniej G\u00f3ry mijaj\u0105c G\u00f3ry O\u0142owiane sk\u0105pane w barwach jesieni. 17.10.2017<\/p>\n","protected":false},"author":1,"featured_media":15803,"comment_status":"open","ping_status":"","sticky":false,"template":"","format":"standard","meta":{"footnotes":""},"categories":[2,368],"tags":[2641,2045,122,114,1290,126,63,27],"class_list":["post-15802","post","type-post","status-publish","format-standard","has-post-thumbnail","hentry","category-kolej","category-rok-2017","tag-2017-10-17","tag-ciechanowice","tag-eu07","tag-gory","tag-janowice-wielkie","tag-jesien","tag-pkp","tag-polska"],"_links":{"self":[{"href":"http:\/\/wgphoto.pl\/t\/index.php?rest_route=\/wp\/v2\/posts\/15802","targetHints":{"allow":["GET"]}}],"collection":[{"href":"http:\/\/wgphoto.pl\/t\/index.php?rest_route=\/wp\/v2\/posts"}],"about":[{"href":"http:\/\/wgphoto.pl\/t\/index.php?rest_route=\/wp\/v2\/types\/post"}],"author":[{"embeddable":true,"href":"http:\/\/wgphoto.pl\/t\/index.php?rest_route=\/wp\/v2\/users\/1"}],"replies":[{"embeddable":true,"href":"http:\/\/wgphoto.pl\/t\/index.php?rest_route=%2Fwp%2Fv2%2Fcomments&post=15802"}],"version-history":[{"count":1,"href":"http:\/\/wgphoto.pl\/t\/index.php?rest_route=\/wp\/v2\/posts\/15802\/revisions"}],"predecessor-version":[{"id":15804,"href":"http:\/\/wgphoto.pl\/t\/index.php?rest_route=\/wp\/v2\/posts\/15802\/revisions\/15804"}],"wp:featuredmedia":[{"embeddable":true,"href":"http:\/\/wgphoto.pl\/t\/index.php?rest_route=\/wp\/v2\/media\/15803"}],"wp:attachment":[{"href":"http:\/\/wgphoto.pl\/t\/index.php?rest_route=%2Fwp%2Fv2%2Fmedia&parent=15802"}],"wp:term":[{"taxonomy":"category","embeddable":true,"href":"http:\/\/wgphoto.pl\/t\/index.php?rest_route=%2Fwp%2Fv2%2Fcategories&post=15802"},{"taxonomy":"post_tag","embeddable":true,"href":"http:\/\/wgphoto.pl\/t\/index.php?rest_route=%2Fwp%2Fv2%2Ftags&post=15802"}],"curies":[{"name":"wp","href":"https:\/\/api.w.org\/{rel}","templated":true}]}}