{"id":15817,"date":"2025-04-07T21:03:34","date_gmt":"2025-04-07T19:03:34","guid":{"rendered":"https:\/\/wgphoto.pl\/t\/?p=15817"},"modified":"2025-04-07T21:03:34","modified_gmt":"2025-04-07T19:03:34","slug":"kontrasty","status":"publish","type":"post","link":"http:\/\/wgphoto.pl\/t\/?p=15817","title":{"rendered":"Kontrasty"},"content":{"rendered":"\n<figure class=\"wp-block-image aligncenter size-full\"><img loading=\"lazy\" decoding=\"async\" width=\"1200\" height=\"800\" src=\"https:\/\/wgphoto.pl\/t\/wp-content\/uploads\/2025\/04\/IMGP4245.jpg\" alt=\"\" class=\"wp-image-15818\" srcset=\"http:\/\/wgphoto.pl\/t\/wp-content\/uploads\/2025\/04\/IMGP4245.jpg 1200w, http:\/\/wgphoto.pl\/t\/wp-content\/uploads\/2025\/04\/IMGP4245-300x200.jpg 300w, http:\/\/wgphoto.pl\/t\/wp-content\/uploads\/2025\/04\/IMGP4245-768x512.jpg 768w\" sizes=\"auto, (max-width: 1200px) 100vw, 1200px\" \/><\/figure>\n\n\n\n<div class=\"wp-block-group has-global-padding is-layout-constrained wp-block-group-is-layout-constrained\">\n<p>Wiekowy tramwaj mija dzielnic\u0119 biznesow\u0105. Nie jest to widok nadzwyczajny, obie bowiem linie przebiegaj\u0105ce tras\u0105 poprowadzon\u0105 obok wie\u017cowc\u00f3w obs\u0142ugiwane s\u0105 w ca\u0142o\u015bci przez takie pojazdy z prze\u0142omu lat 20- i 30-tych ubieg\u0142ego wieku. 21.10.2017<\/p>\n<\/div>\n","protected":false},"excerpt":{"rendered":"<p>Wiekowy tramwaj mija dzielnic\u0119 biznesow\u0105. Nie jest to widok nadzwyczajny, obie bowiem linie przebiegaj\u0105ce tras\u0105 poprowadzon\u0105 obok wie\u017cowc\u00f3w obs\u0142ugiwane s\u0105 w ca\u0142o\u015bci przez takie pojazdy z prze\u0142omu lat 20- i 30-tych ubieg\u0142ego wieku. 21.10.2017<\/p>\n","protected":false},"author":1,"featured_media":15818,"comment_status":"open","ping_status":"","sticky":false,"template":"","format":"standard","meta":{"footnotes":""},"categories":[368,3],"tags":[1438,34,834,835,832,2724,110],"class_list":["post-15817","post","type-post","status-publish","format-standard","has-post-thumbnail","hentry","category-rok-2017","category-tramwaj","tag-2017-10-21","tag-architektura","tag-atm-milano","tag-mediolan","tag-mediolan-2017","tag-peter-witt","tag-wlochy"],"_links":{"self":[{"href":"http:\/\/wgphoto.pl\/t\/index.php?rest_route=\/wp\/v2\/posts\/15817","targetHints":{"allow":["GET"]}}],"collection":[{"href":"http:\/\/wgphoto.pl\/t\/index.php?rest_route=\/wp\/v2\/posts"}],"about":[{"href":"http:\/\/wgphoto.pl\/t\/index.php?rest_route=\/wp\/v2\/types\/post"}],"author":[{"embeddable":true,"href":"http:\/\/wgphoto.pl\/t\/index.php?rest_route=\/wp\/v2\/users\/1"}],"replies":[{"embeddable":true,"href":"http:\/\/wgphoto.pl\/t\/index.php?rest_route=%2Fwp%2Fv2%2Fcomments&post=15817"}],"version-history":[{"count":1,"href":"http:\/\/wgphoto.pl\/t\/index.php?rest_route=\/wp\/v2\/posts\/15817\/revisions"}],"predecessor-version":[{"id":15819,"href":"http:\/\/wgphoto.pl\/t\/index.php?rest_route=\/wp\/v2\/posts\/15817\/revisions\/15819"}],"wp:featuredmedia":[{"embeddable":true,"href":"http:\/\/wgphoto.pl\/t\/index.php?rest_route=\/wp\/v2\/media\/15818"}],"wp:attachment":[{"href":"http:\/\/wgphoto.pl\/t\/index.php?rest_route=%2Fwp%2Fv2%2Fmedia&parent=15817"}],"wp:term":[{"taxonomy":"category","embeddable":true,"href":"http:\/\/wgphoto.pl\/t\/index.php?rest_route=%2Fwp%2Fv2%2Fcategories&post=15817"},{"taxonomy":"post_tag","embeddable":true,"href":"http:\/\/wgphoto.pl\/t\/index.php?rest_route=%2Fwp%2Fv2%2Ftags&post=15817"}],"curies":[{"name":"wp","href":"https:\/\/api.w.org\/{rel}","templated":true}]}}