{"id":15820,"date":"2025-04-07T21:04:35","date_gmt":"2025-04-07T19:04:35","guid":{"rendered":"https:\/\/wgphoto.pl\/t\/?p=15820"},"modified":"2025-04-07T21:04:35","modified_gmt":"2025-04-07T19:04:35","slug":"klocki","status":"publish","type":"post","link":"http:\/\/wgphoto.pl\/t\/?p=15820","title":{"rendered":"Klocki"},"content":{"rendered":"\n<figure class=\"wp-block-image aligncenter size-full\"><img loading=\"lazy\" decoding=\"async\" width=\"1200\" height=\"860\" src=\"https:\/\/wgphoto.pl\/t\/wp-content\/uploads\/2025\/04\/IMGP4750.jpg\" alt=\"\" class=\"wp-image-15821\" srcset=\"http:\/\/wgphoto.pl\/t\/wp-content\/uploads\/2025\/04\/IMGP4750.jpg 1200w, http:\/\/wgphoto.pl\/t\/wp-content\/uploads\/2025\/04\/IMGP4750-300x215.jpg 300w, http:\/\/wgphoto.pl\/t\/wp-content\/uploads\/2025\/04\/IMGP4750-768x550.jpg 768w\" sizes=\"auto, (max-width: 1200px) 100vw, 1200px\" \/><\/figure>\n\n\n\n<div class=\"wp-block-group has-global-padding is-layout-constrained wp-block-group-is-layout-constrained\">\n<p>Pod Bram\u0105 Tessy\u0144sk\u0105 (w\u0142. Porta Ticinese), ustawion\u0105 obok s\u0105siednich zabudowa\u0144 niczym kolejny klocek architektonicznej uk\u0142adanki, przeje\u017cd\u017ca tramwaj linii 3. Trafi\u0142em w to miejsce zupe\u0142nie przypadkiem. Nie spodziewa\u0142em si\u0119 ani tramwaju przeje\u017cd\u017caj\u0105cego przez XII-wieczn\u0105 bram\u0119, ani istnienia w \u015bcis\u0142ym centrum kilkudziesi\u0119ciometrowego jednotoru, chyba zreszt\u0105 w og\u00f3le jedynego na sieci miejskich tramwaj\u00f3w. 23.10.2017<\/p>\n<\/div>\n","protected":false},"excerpt":{"rendered":"<p>Pod Bram\u0105 Tessy\u0144sk\u0105 (w\u0142. Porta Ticinese), ustawion\u0105 obok s\u0105siednich zabudowa\u0144 niczym kolejny klocek architektonicznej uk\u0142adanki, przeje\u017cd\u017ca tramwaj linii 3. Trafi\u0142em w to miejsce zupe\u0142nie przypadkiem. Nie spodziewa\u0142em si\u0119 ani tramwaju przeje\u017cd\u017caj\u0105cego przez XII-wieczn\u0105 bram\u0119, ani istnienia w \u015bcis\u0142ym centrum kilkudziesi\u0119ciometrowego jednotoru, chyba zreszt\u0105 w og\u00f3le jedynego na sieci miejskich tramwaj\u00f3w. 23.10.2017<\/p>\n","protected":false},"author":1,"featured_media":15821,"comment_status":"open","ping_status":"","sticky":false,"template":"","format":"standard","meta":{"footnotes":""},"categories":[368,3],"tags":[836,34,834,833,835,832,905,110],"class_list":["post-15820","post","type-post","status-publish","format-standard","has-post-thumbnail","hentry","category-rok-2017","category-tramwaj","tag-2017-10-23","tag-architektura","tag-atm-milano","tag-fiat-m8","tag-mediolan","tag-mediolan-2017","tag-przez","tag-wlochy"],"_links":{"self":[{"href":"http:\/\/wgphoto.pl\/t\/index.php?rest_route=\/wp\/v2\/posts\/15820","targetHints":{"allow":["GET"]}}],"collection":[{"href":"http:\/\/wgphoto.pl\/t\/index.php?rest_route=\/wp\/v2\/posts"}],"about":[{"href":"http:\/\/wgphoto.pl\/t\/index.php?rest_route=\/wp\/v2\/types\/post"}],"author":[{"embeddable":true,"href":"http:\/\/wgphoto.pl\/t\/index.php?rest_route=\/wp\/v2\/users\/1"}],"replies":[{"embeddable":true,"href":"http:\/\/wgphoto.pl\/t\/index.php?rest_route=%2Fwp%2Fv2%2Fcomments&post=15820"}],"version-history":[{"count":1,"href":"http:\/\/wgphoto.pl\/t\/index.php?rest_route=\/wp\/v2\/posts\/15820\/revisions"}],"predecessor-version":[{"id":15822,"href":"http:\/\/wgphoto.pl\/t\/index.php?rest_route=\/wp\/v2\/posts\/15820\/revisions\/15822"}],"wp:featuredmedia":[{"embeddable":true,"href":"http:\/\/wgphoto.pl\/t\/index.php?rest_route=\/wp\/v2\/media\/15821"}],"wp:attachment":[{"href":"http:\/\/wgphoto.pl\/t\/index.php?rest_route=%2Fwp%2Fv2%2Fmedia&parent=15820"}],"wp:term":[{"taxonomy":"category","embeddable":true,"href":"http:\/\/wgphoto.pl\/t\/index.php?rest_route=%2Fwp%2Fv2%2Fcategories&post=15820"},{"taxonomy":"post_tag","embeddable":true,"href":"http:\/\/wgphoto.pl\/t\/index.php?rest_route=%2Fwp%2Fv2%2Ftags&post=15820"}],"curies":[{"name":"wp","href":"https:\/\/api.w.org\/{rel}","templated":true}]}}