{"id":15844,"date":"2025-04-07T21:12:16","date_gmt":"2025-04-07T19:12:16","guid":{"rendered":"https:\/\/wgphoto.pl\/t\/?p=15844"},"modified":"2025-04-07T21:12:16","modified_gmt":"2025-04-07T19:12:16","slug":"popoludnie-na-deptaku","status":"publish","type":"post","link":"http:\/\/wgphoto.pl\/t\/?p=15844","title":{"rendered":"Popo\u0142udnie na deptaku"},"content":{"rendered":"\n<figure class=\"wp-block-image aligncenter size-full\"><img loading=\"lazy\" decoding=\"async\" width=\"1200\" height=\"675\" src=\"https:\/\/wgphoto.pl\/t\/wp-content\/uploads\/2025\/04\/IMGP5667.jpg\" alt=\"\" class=\"wp-image-15845\" srcset=\"http:\/\/wgphoto.pl\/t\/wp-content\/uploads\/2025\/04\/IMGP5667.jpg 1200w, http:\/\/wgphoto.pl\/t\/wp-content\/uploads\/2025\/04\/IMGP5667-300x169.jpg 300w, http:\/\/wgphoto.pl\/t\/wp-content\/uploads\/2025\/04\/IMGP5667-768x432.jpg 768w\" sizes=\"auto, (max-width: 1200px) 100vw, 1200px\" \/><\/figure>\n\n\n\n<div class=\"wp-block-group has-global-padding is-layout-constrained wp-block-group-is-layout-constrained\">\n<p>Owoc austriackiej my\u015bli technicznej min\u0105\u0142 si\u0119 przed chwil\u0105 z owocem my\u015bli czechos\u0142owackiej, jad\u0105c deptakiem w centrum w\u0119gierskiego Miszkolca. 19.06.2014<\/p>\n<\/div>\n","protected":false},"excerpt":{"rendered":"<p>Owoc austriackiej my\u015bli technicznej min\u0105\u0142 si\u0119 przed chwil\u0105 z owocem my\u015bli czechos\u0142owackiej, jad\u0105c deptakiem w centrum w\u0119gierskiego Miszkolca. 19.06.2014<\/p>\n","protected":false},"author":1,"featured_media":15845,"comment_status":"open","ping_status":"","sticky":false,"template":"","format":"standard","meta":{"footnotes":""},"categories":[48,3],"tags":[1007,239,102,101,389,1008,1006,105],"class_list":["post-15844","post","type-post","status-publish","format-standard","has-post-thumbnail","hentry","category-rok-2014","category-tramwaj","tag-2014-06-19","tag-deptak","tag-e1","tag-gt6","tag-mijanka","tag-miszkolc","tag-mvk-miskolc","tag-wegry"],"_links":{"self":[{"href":"http:\/\/wgphoto.pl\/t\/index.php?rest_route=\/wp\/v2\/posts\/15844","targetHints":{"allow":["GET"]}}],"collection":[{"href":"http:\/\/wgphoto.pl\/t\/index.php?rest_route=\/wp\/v2\/posts"}],"about":[{"href":"http:\/\/wgphoto.pl\/t\/index.php?rest_route=\/wp\/v2\/types\/post"}],"author":[{"embeddable":true,"href":"http:\/\/wgphoto.pl\/t\/index.php?rest_route=\/wp\/v2\/users\/1"}],"replies":[{"embeddable":true,"href":"http:\/\/wgphoto.pl\/t\/index.php?rest_route=%2Fwp%2Fv2%2Fcomments&post=15844"}],"version-history":[{"count":1,"href":"http:\/\/wgphoto.pl\/t\/index.php?rest_route=\/wp\/v2\/posts\/15844\/revisions"}],"predecessor-version":[{"id":15846,"href":"http:\/\/wgphoto.pl\/t\/index.php?rest_route=\/wp\/v2\/posts\/15844\/revisions\/15846"}],"wp:featuredmedia":[{"embeddable":true,"href":"http:\/\/wgphoto.pl\/t\/index.php?rest_route=\/wp\/v2\/media\/15845"}],"wp:attachment":[{"href":"http:\/\/wgphoto.pl\/t\/index.php?rest_route=%2Fwp%2Fv2%2Fmedia&parent=15844"}],"wp:term":[{"taxonomy":"category","embeddable":true,"href":"http:\/\/wgphoto.pl\/t\/index.php?rest_route=%2Fwp%2Fv2%2Fcategories&post=15844"},{"taxonomy":"post_tag","embeddable":true,"href":"http:\/\/wgphoto.pl\/t\/index.php?rest_route=%2Fwp%2Fv2%2Ftags&post=15844"}],"curies":[{"name":"wp","href":"https:\/\/api.w.org\/{rel}","templated":true}]}}