{"id":1588,"date":"2024-10-04T17:00:58","date_gmt":"2024-10-04T15:00:58","guid":{"rendered":"https:\/\/wgphoto.pl\/t\/?p=1588"},"modified":"2024-10-04T17:00:58","modified_gmt":"2024-10-04T15:00:58","slug":"goral","status":"publish","type":"post","link":"http:\/\/wgphoto.pl\/t\/?p=1588","title":{"rendered":"G\u00f3ral"},"content":{"rendered":"\n<figure class=\"wp-block-image aligncenter size-full\"><img loading=\"lazy\" decoding=\"async\" width=\"1200\" height=\"800\" src=\"https:\/\/wgphoto.pl\/t\/wp-content\/uploads\/2024\/10\/0623-32.jpg\" alt=\"\" class=\"wp-image-1589\" srcset=\"http:\/\/wgphoto.pl\/t\/wp-content\/uploads\/2024\/10\/0623-32.jpg 1200w, http:\/\/wgphoto.pl\/t\/wp-content\/uploads\/2024\/10\/0623-32-300x200.jpg 300w, http:\/\/wgphoto.pl\/t\/wp-content\/uploads\/2024\/10\/0623-32-768x512.jpg 768w\" sizes=\"auto, (max-width: 1200px) 100vw, 1200px\" \/><\/figure>\n\n\n\n<div class=\"wp-block-group has-global-padding is-layout-constrained wp-block-group-is-layout-constrained\">\n<p>S\u0142owacka maszyna 140 067-0 z poci\u0105giem 4412 &#8222;Goral&#8221; z Bratys\u0142awy do Katowic przemierza wiod\u0105cy wzd\u0142u\u017c koryta So\u0142y odcinek z Rycerki do Rajczy Centrum. 14.09.2006<\/p>\n<\/div>\n","protected":false},"excerpt":{"rendered":"<p>S\u0142owacka maszyna 140 067-0 z poci\u0105giem 4412 &#8222;Goral&#8221; z Bratys\u0142awy do Katowic przemierza wiod\u0105cy wzd\u0142u\u017c koryta So\u0142y odcinek z Rycerki do Rajczy Centrum. 14.09.2006<\/p>\n","protected":false},"author":1,"featured_media":1589,"comment_status":"open","ping_status":"","sticky":false,"template":"","format":"standard","meta":{"footnotes":""},"categories":[62,2,130],"tags":[808,809,249,27,806,176,805,73,807,469],"class_list":["post-1588","post","type-post","status-publish","format-standard","has-post-thumbnail","hentry","category-analog","category-kolej","category-rok-2006","tag-808","tag-2006-09-14","tag-goscinne-wystepy","tag-polska","tag-rajcza-centrum","tag-rano","tag-rycerka","tag-rzeka","tag-tab-pl151","tag-zssk"],"_links":{"self":[{"href":"http:\/\/wgphoto.pl\/t\/index.php?rest_route=\/wp\/v2\/posts\/1588","targetHints":{"allow":["GET"]}}],"collection":[{"href":"http:\/\/wgphoto.pl\/t\/index.php?rest_route=\/wp\/v2\/posts"}],"about":[{"href":"http:\/\/wgphoto.pl\/t\/index.php?rest_route=\/wp\/v2\/types\/post"}],"author":[{"embeddable":true,"href":"http:\/\/wgphoto.pl\/t\/index.php?rest_route=\/wp\/v2\/users\/1"}],"replies":[{"embeddable":true,"href":"http:\/\/wgphoto.pl\/t\/index.php?rest_route=%2Fwp%2Fv2%2Fcomments&post=1588"}],"version-history":[{"count":1,"href":"http:\/\/wgphoto.pl\/t\/index.php?rest_route=\/wp\/v2\/posts\/1588\/revisions"}],"predecessor-version":[{"id":1590,"href":"http:\/\/wgphoto.pl\/t\/index.php?rest_route=\/wp\/v2\/posts\/1588\/revisions\/1590"}],"wp:featuredmedia":[{"embeddable":true,"href":"http:\/\/wgphoto.pl\/t\/index.php?rest_route=\/wp\/v2\/media\/1589"}],"wp:attachment":[{"href":"http:\/\/wgphoto.pl\/t\/index.php?rest_route=%2Fwp%2Fv2%2Fmedia&parent=1588"}],"wp:term":[{"taxonomy":"category","embeddable":true,"href":"http:\/\/wgphoto.pl\/t\/index.php?rest_route=%2Fwp%2Fv2%2Fcategories&post=1588"},{"taxonomy":"post_tag","embeddable":true,"href":"http:\/\/wgphoto.pl\/t\/index.php?rest_route=%2Fwp%2Fv2%2Ftags&post=1588"}],"curies":[{"name":"wp","href":"https:\/\/api.w.org\/{rel}","templated":true}]}}