{"id":15933,"date":"2025-04-08T16:40:52","date_gmt":"2025-04-08T14:40:52","guid":{"rendered":"https:\/\/wgphoto.pl\/t\/?p=15933"},"modified":"2025-04-08T16:40:52","modified_gmt":"2025-04-08T14:40:52","slug":"451-metrow","status":"publish","type":"post","link":"http:\/\/wgphoto.pl\/t\/?p=15933","title":{"rendered":"451 metr\u00f3w"},"content":{"rendered":"\n<figure class=\"wp-block-image aligncenter size-full\"><img loading=\"lazy\" decoding=\"async\" width=\"1200\" height=\"795\" src=\"https:\/\/wgphoto.pl\/t\/wp-content\/uploads\/2025\/04\/IMGP4818.jpg\" alt=\"\" class=\"wp-image-15934\" srcset=\"http:\/\/wgphoto.pl\/t\/wp-content\/uploads\/2025\/04\/IMGP4818.jpg 1200w, http:\/\/wgphoto.pl\/t\/wp-content\/uploads\/2025\/04\/IMGP4818-300x199.jpg 300w, http:\/\/wgphoto.pl\/t\/wp-content\/uploads\/2025\/04\/IMGP4818-768x509.jpg 768w\" sizes=\"auto, (max-width: 1200px) 100vw, 1200px\" \/><\/figure>\n\n\n\n<div class=\"wp-block-group has-global-padding is-layout-constrained wp-block-group-is-layout-constrained\">\n<p>Wiekowy tramwaj, niskie s\u0142o\u0144ce i fragment miejscowego skajlajnu, mierz\u0105cy \u0142\u0105cznie tyle ile w tytule. Na uwag\u0119 zas\u0142uguj\u0105 dwie wie\u017ce Bosco verticale, poro\u015bni\u0119te &#8222;pionowym lasem&#8221;. 23.10.2017<\/p>\n<\/div>\n","protected":false},"excerpt":{"rendered":"<p>Wiekowy tramwaj, niskie s\u0142o\u0144ce i fragment miejscowego skajlajnu, mierz\u0105cy \u0142\u0105cznie tyle ile w tytule. Na uwag\u0119 zas\u0142uguj\u0105 dwie wie\u017ce Bosco verticale, poro\u015bni\u0119te &#8222;pionowym lasem&#8221;. 23.10.2017<\/p>\n","protected":false},"author":1,"featured_media":15934,"comment_status":"open","ping_status":"","sticky":false,"template":"","format":"standard","meta":{"footnotes":""},"categories":[368,3],"tags":[836,34,834,835,832,2724,110],"class_list":["post-15933","post","type-post","status-publish","format-standard","has-post-thumbnail","hentry","category-rok-2017","category-tramwaj","tag-2017-10-23","tag-architektura","tag-atm-milano","tag-mediolan","tag-mediolan-2017","tag-peter-witt","tag-wlochy"],"_links":{"self":[{"href":"http:\/\/wgphoto.pl\/t\/index.php?rest_route=\/wp\/v2\/posts\/15933","targetHints":{"allow":["GET"]}}],"collection":[{"href":"http:\/\/wgphoto.pl\/t\/index.php?rest_route=\/wp\/v2\/posts"}],"about":[{"href":"http:\/\/wgphoto.pl\/t\/index.php?rest_route=\/wp\/v2\/types\/post"}],"author":[{"embeddable":true,"href":"http:\/\/wgphoto.pl\/t\/index.php?rest_route=\/wp\/v2\/users\/1"}],"replies":[{"embeddable":true,"href":"http:\/\/wgphoto.pl\/t\/index.php?rest_route=%2Fwp%2Fv2%2Fcomments&post=15933"}],"version-history":[{"count":1,"href":"http:\/\/wgphoto.pl\/t\/index.php?rest_route=\/wp\/v2\/posts\/15933\/revisions"}],"predecessor-version":[{"id":15935,"href":"http:\/\/wgphoto.pl\/t\/index.php?rest_route=\/wp\/v2\/posts\/15933\/revisions\/15935"}],"wp:featuredmedia":[{"embeddable":true,"href":"http:\/\/wgphoto.pl\/t\/index.php?rest_route=\/wp\/v2\/media\/15934"}],"wp:attachment":[{"href":"http:\/\/wgphoto.pl\/t\/index.php?rest_route=%2Fwp%2Fv2%2Fmedia&parent=15933"}],"wp:term":[{"taxonomy":"category","embeddable":true,"href":"http:\/\/wgphoto.pl\/t\/index.php?rest_route=%2Fwp%2Fv2%2Fcategories&post=15933"},{"taxonomy":"post_tag","embeddable":true,"href":"http:\/\/wgphoto.pl\/t\/index.php?rest_route=%2Fwp%2Fv2%2Ftags&post=15933"}],"curies":[{"name":"wp","href":"https:\/\/api.w.org\/{rel}","templated":true}]}}