{"id":15957,"date":"2025-04-08T16:49:22","date_gmt":"2025-04-08T14:49:22","guid":{"rendered":"https:\/\/wgphoto.pl\/t\/?p=15957"},"modified":"2025-04-08T16:49:22","modified_gmt":"2025-04-08T14:49:22","slug":"granatowy-rarytas","status":"publish","type":"post","link":"http:\/\/wgphoto.pl\/t\/?p=15957","title":{"rendered":"Granatowy rarytas"},"content":{"rendered":"\n<figure class=\"wp-block-image aligncenter size-full\"><img loading=\"lazy\" decoding=\"async\" width=\"1200\" height=\"803\" src=\"https:\/\/wgphoto.pl\/t\/wp-content\/uploads\/2025\/04\/IMGP9945-1.jpg\" alt=\"\" class=\"wp-image-15958\" srcset=\"http:\/\/wgphoto.pl\/t\/wp-content\/uploads\/2025\/04\/IMGP9945-1.jpg 1200w, http:\/\/wgphoto.pl\/t\/wp-content\/uploads\/2025\/04\/IMGP9945-1-300x201.jpg 300w, http:\/\/wgphoto.pl\/t\/wp-content\/uploads\/2025\/04\/IMGP9945-1-768x514.jpg 768w\" sizes=\"auto, (max-width: 1200px) 100vw, 1200px\" \/><\/figure>\n\n\n\n<div class=\"wp-block-group has-global-padding is-layout-constrained wp-block-group-is-layout-constrained\">\n<p>750 346-9 prowadzi rychlik 848 &#8222;\u00dapa&#8221; z Trutnova do Pragi. Poci\u0105g min\u0105\u0142 bez zatrzymania przystanek Velk\u00e9 Svato\u0148ovice, kt\u00f3rego zabudowania widoczne s\u0105 po lewej stronie. 13.10.2012<\/p>\n<\/div>\n","protected":false},"excerpt":{"rendered":"<p>750 346-9 prowadzi rychlik 848 &#8222;\u00dapa&#8221; z Trutnova do Pragi. Poci\u0105g min\u0105\u0142 bez zatrzymania przystanek Velk\u00e9 Svato\u0148ovice, kt\u00f3rego zabudowania widoczne s\u0105 po lewej stronie. 13.10.2012<\/p>\n","protected":false},"author":1,"featured_media":15958,"comment_status":"open","ping_status":"","sticky":false,"template":"","format":"standard","meta":{"footnotes":""},"categories":[2,46],"tags":[1870,1467,50,49,176,1917,3655],"class_list":["post-15957","post","type-post","status-publish","format-standard","has-post-thumbnail","hentry","category-kolej","category-rok-2012","tag-2012-10-13","tag-1467","tag-cd","tag-czechy","tag-rano","tag-tab-cz032","tag-velke-svatonovice"],"_links":{"self":[{"href":"http:\/\/wgphoto.pl\/t\/index.php?rest_route=\/wp\/v2\/posts\/15957","targetHints":{"allow":["GET"]}}],"collection":[{"href":"http:\/\/wgphoto.pl\/t\/index.php?rest_route=\/wp\/v2\/posts"}],"about":[{"href":"http:\/\/wgphoto.pl\/t\/index.php?rest_route=\/wp\/v2\/types\/post"}],"author":[{"embeddable":true,"href":"http:\/\/wgphoto.pl\/t\/index.php?rest_route=\/wp\/v2\/users\/1"}],"replies":[{"embeddable":true,"href":"http:\/\/wgphoto.pl\/t\/index.php?rest_route=%2Fwp%2Fv2%2Fcomments&post=15957"}],"version-history":[{"count":1,"href":"http:\/\/wgphoto.pl\/t\/index.php?rest_route=\/wp\/v2\/posts\/15957\/revisions"}],"predecessor-version":[{"id":15959,"href":"http:\/\/wgphoto.pl\/t\/index.php?rest_route=\/wp\/v2\/posts\/15957\/revisions\/15959"}],"wp:featuredmedia":[{"embeddable":true,"href":"http:\/\/wgphoto.pl\/t\/index.php?rest_route=\/wp\/v2\/media\/15958"}],"wp:attachment":[{"href":"http:\/\/wgphoto.pl\/t\/index.php?rest_route=%2Fwp%2Fv2%2Fmedia&parent=15957"}],"wp:term":[{"taxonomy":"category","embeddable":true,"href":"http:\/\/wgphoto.pl\/t\/index.php?rest_route=%2Fwp%2Fv2%2Fcategories&post=15957"},{"taxonomy":"post_tag","embeddable":true,"href":"http:\/\/wgphoto.pl\/t\/index.php?rest_route=%2Fwp%2Fv2%2Ftags&post=15957"}],"curies":[{"name":"wp","href":"https:\/\/api.w.org\/{rel}","templated":true}]}}