{"id":1597,"date":"2024-10-04T17:05:58","date_gmt":"2024-10-04T15:05:58","guid":{"rendered":"https:\/\/wgphoto.pl\/t\/?p=1597"},"modified":"2024-10-04T17:05:58","modified_gmt":"2024-10-04T15:05:58","slug":"hektolitry-odry","status":"publish","type":"post","link":"http:\/\/wgphoto.pl\/t\/?p=1597","title":{"rendered":"Hektolitry Odry"},"content":{"rendered":"\n<figure class=\"wp-block-image aligncenter size-full\"><img loading=\"lazy\" decoding=\"async\" width=\"1200\" height=\"795\" src=\"https:\/\/wgphoto.pl\/t\/wp-content\/uploads\/2024\/10\/IMGP3896.jpg\" alt=\"\" class=\"wp-image-1598\" srcset=\"http:\/\/wgphoto.pl\/t\/wp-content\/uploads\/2024\/10\/IMGP3896.jpg 1200w, http:\/\/wgphoto.pl\/t\/wp-content\/uploads\/2024\/10\/IMGP3896-300x199.jpg 300w, http:\/\/wgphoto.pl\/t\/wp-content\/uploads\/2024\/10\/IMGP3896-768x509.jpg 768w\" sizes=\"auto, (max-width: 1200px) 100vw, 1200px\" \/><\/figure>\n\n\n\n<div class=\"wp-block-group has-global-padding is-layout-constrained wp-block-group-is-layout-constrained\">\n<p>Wroc\u0142aw, most Pomorski. Sk\u0142ad 105NWr 2476+2477 przeje\u017cd\u017ca nad otwart\u0105 \u015bluz\u0105. Normalny widok na stopniu wodnym? Kilkana\u015bcie lat temu tak, jednak p\u00f3\u017aniejsze susze sprawi\u0142y, \u017ce \u015bluza zazwyczaj jest zamkni\u0119ta, a Odra przez miasto przep\u0142ywa innymi odnogami. 26.05.2019<\/p>\n<\/div>\n","protected":false},"excerpt":{"rendered":"<p>Wroc\u0142aw, most Pomorski. Sk\u0142ad 105NWr 2476+2477 przeje\u017cd\u017ca nad otwart\u0105 \u015bluz\u0105. Normalny widok na stopniu wodnym? Kilkana\u015bcie lat temu tak, jednak p\u00f3\u017aniejsze susze sprawi\u0142y, \u017ce \u015bluza zazwyczaj jest zamkni\u0119ta, a Odra przez miasto przep\u0142ywa innymi odnogami. 26.05.2019<\/p>\n","protected":false},"author":1,"featured_media":1598,"comment_status":"open","ping_status":"","sticky":false,"template":"","format":"standard","meta":{"footnotes":""},"categories":[136,3],"tags":[43,811,45,42,27,73,41],"class_list":["post-1597","post","type-post","status-publish","format-standard","has-post-thumbnail","hentry","category-rok-2019","category-tramwaj","tag-105nwr","tag-2019-05-26","tag-most","tag-mpk-wroclaw","tag-polska","tag-rzeka","tag-wroclaw"],"_links":{"self":[{"href":"http:\/\/wgphoto.pl\/t\/index.php?rest_route=\/wp\/v2\/posts\/1597","targetHints":{"allow":["GET"]}}],"collection":[{"href":"http:\/\/wgphoto.pl\/t\/index.php?rest_route=\/wp\/v2\/posts"}],"about":[{"href":"http:\/\/wgphoto.pl\/t\/index.php?rest_route=\/wp\/v2\/types\/post"}],"author":[{"embeddable":true,"href":"http:\/\/wgphoto.pl\/t\/index.php?rest_route=\/wp\/v2\/users\/1"}],"replies":[{"embeddable":true,"href":"http:\/\/wgphoto.pl\/t\/index.php?rest_route=%2Fwp%2Fv2%2Fcomments&post=1597"}],"version-history":[{"count":1,"href":"http:\/\/wgphoto.pl\/t\/index.php?rest_route=\/wp\/v2\/posts\/1597\/revisions"}],"predecessor-version":[{"id":1599,"href":"http:\/\/wgphoto.pl\/t\/index.php?rest_route=\/wp\/v2\/posts\/1597\/revisions\/1599"}],"wp:featuredmedia":[{"embeddable":true,"href":"http:\/\/wgphoto.pl\/t\/index.php?rest_route=\/wp\/v2\/media\/1598"}],"wp:attachment":[{"href":"http:\/\/wgphoto.pl\/t\/index.php?rest_route=%2Fwp%2Fv2%2Fmedia&parent=1597"}],"wp:term":[{"taxonomy":"category","embeddable":true,"href":"http:\/\/wgphoto.pl\/t\/index.php?rest_route=%2Fwp%2Fv2%2Fcategories&post=1597"},{"taxonomy":"post_tag","embeddable":true,"href":"http:\/\/wgphoto.pl\/t\/index.php?rest_route=%2Fwp%2Fv2%2Ftags&post=1597"}],"curies":[{"name":"wp","href":"https:\/\/api.w.org\/{rel}","templated":true}]}}