{"id":15984,"date":"2025-04-08T19:36:20","date_gmt":"2025-04-08T17:36:20","guid":{"rendered":"https:\/\/wgphoto.pl\/t\/?p=15984"},"modified":"2025-04-08T19:36:20","modified_gmt":"2025-04-08T17:36:20","slug":"zielona-landrynka","status":"publish","type":"post","link":"http:\/\/wgphoto.pl\/t\/?p=15984","title":{"rendered":"Zielona landrynka"},"content":{"rendered":"\n<figure class=\"wp-block-image aligncenter size-full\"><img loading=\"lazy\" decoding=\"async\" width=\"1050\" height=\"700\" src=\"https:\/\/wgphoto.pl\/t\/wp-content\/uploads\/2025\/04\/dscf5594.jpg\" alt=\"\" class=\"wp-image-15985\" srcset=\"http:\/\/wgphoto.pl\/t\/wp-content\/uploads\/2025\/04\/dscf5594.jpg 1050w, http:\/\/wgphoto.pl\/t\/wp-content\/uploads\/2025\/04\/dscf5594-300x200.jpg 300w, http:\/\/wgphoto.pl\/t\/wp-content\/uploads\/2025\/04\/dscf5594-768x512.jpg 768w\" sizes=\"auto, (max-width: 1050px) 100vw, 1050px\" \/><\/figure>\n\n\n\n<div class=\"wp-block-group has-global-padding is-layout-constrained wp-block-group-is-layout-constrained\">\n<p>Wroc\u0142aw G\u0142\u00f3wny, pracownicy podziwiaj\u0105 EU07-173 pachn\u0105c\u0105 jeszcze farb\u0105 po zako\u0144czonej niedawno naprawie okresowej. Lokomotywa stoi zapi\u0119ta do bli\u017cej nieokre\u015blonego sk\u0142adu w kierunku Opola. 21.11.2007<\/p>\n<\/div>\n","protected":false},"excerpt":{"rendered":"<p>Wroc\u0142aw G\u0142\u00f3wny, pracownicy podziwiaj\u0105 EU07-173 pachn\u0105c\u0105 jeszcze farb\u0105 po zako\u0144czonej niedawno naprawie okresowej. Lokomotywa stoi zapi\u0119ta do bli\u017cej nieokre\u015blonego sk\u0142adu w kierunku Opola. 21.11.2007<\/p>\n","protected":false},"author":1,"featured_media":15985,"comment_status":"open","ping_status":"","sticky":false,"template":"","format":"standard","meta":{"footnotes":""},"categories":[2,96],"tags":[3659,122,179,63,27,711,41,180],"class_list":["post-15984","post","type-post","status-publish","format-standard","has-post-thumbnail","hentry","category-kolej","category-rok-2007","tag-2007-11-21","tag-eu07","tag-hala-peronowa","tag-pkp","tag-polska","tag-tab-pl220","tag-wroclaw","tag-wroclaw-glowny"],"_links":{"self":[{"href":"http:\/\/wgphoto.pl\/t\/index.php?rest_route=\/wp\/v2\/posts\/15984","targetHints":{"allow":["GET"]}}],"collection":[{"href":"http:\/\/wgphoto.pl\/t\/index.php?rest_route=\/wp\/v2\/posts"}],"about":[{"href":"http:\/\/wgphoto.pl\/t\/index.php?rest_route=\/wp\/v2\/types\/post"}],"author":[{"embeddable":true,"href":"http:\/\/wgphoto.pl\/t\/index.php?rest_route=\/wp\/v2\/users\/1"}],"replies":[{"embeddable":true,"href":"http:\/\/wgphoto.pl\/t\/index.php?rest_route=%2Fwp%2Fv2%2Fcomments&post=15984"}],"version-history":[{"count":1,"href":"http:\/\/wgphoto.pl\/t\/index.php?rest_route=\/wp\/v2\/posts\/15984\/revisions"}],"predecessor-version":[{"id":15986,"href":"http:\/\/wgphoto.pl\/t\/index.php?rest_route=\/wp\/v2\/posts\/15984\/revisions\/15986"}],"wp:featuredmedia":[{"embeddable":true,"href":"http:\/\/wgphoto.pl\/t\/index.php?rest_route=\/wp\/v2\/media\/15985"}],"wp:attachment":[{"href":"http:\/\/wgphoto.pl\/t\/index.php?rest_route=%2Fwp%2Fv2%2Fmedia&parent=15984"}],"wp:term":[{"taxonomy":"category","embeddable":true,"href":"http:\/\/wgphoto.pl\/t\/index.php?rest_route=%2Fwp%2Fv2%2Fcategories&post=15984"},{"taxonomy":"post_tag","embeddable":true,"href":"http:\/\/wgphoto.pl\/t\/index.php?rest_route=%2Fwp%2Fv2%2Ftags&post=15984"}],"curies":[{"name":"wp","href":"https:\/\/api.w.org\/{rel}","templated":true}]}}