{"id":15987,"date":"2025-04-08T19:37:24","date_gmt":"2025-04-08T17:37:24","guid":{"rendered":"https:\/\/wgphoto.pl\/t\/?p=15987"},"modified":"2025-04-08T19:37:24","modified_gmt":"2025-04-08T17:37:24","slug":"dopalacze-to-smierc","status":"publish","type":"post","link":"http:\/\/wgphoto.pl\/t\/?p=15987","title":{"rendered":"Dopalacze to \u015bmier\u0107"},"content":{"rendered":"\n<figure class=\"wp-block-image aligncenter size-full\"><img loading=\"lazy\" decoding=\"async\" width=\"1200\" height=\"805\" src=\"https:\/\/wgphoto.pl\/t\/wp-content\/uploads\/2025\/04\/IMGP9430.jpg\" alt=\"\" class=\"wp-image-15988\" srcset=\"http:\/\/wgphoto.pl\/t\/wp-content\/uploads\/2025\/04\/IMGP9430.jpg 1200w, http:\/\/wgphoto.pl\/t\/wp-content\/uploads\/2025\/04\/IMGP9430-300x201.jpg 300w, http:\/\/wgphoto.pl\/t\/wp-content\/uploads\/2025\/04\/IMGP9430-768x515.jpg 768w\" sizes=\"auto, (max-width: 1200px) 100vw, 1200px\" \/><\/figure>\n\n\n\n<div class=\"wp-block-group has-global-padding is-layout-constrained wp-block-group-is-layout-constrained\">\n<p>Ozork\u00f3w, ul. Wyszy\u0144skiego. 49-letni pojazd z niskopod\u0142ogow\u0105 wstawk\u0105 min\u0105\u0142 ko\u015bci\u00f3\u0142 ewangelicki i za chwil\u0119 zatrzyma si\u0119 na 56. przystanku na swej trasie. Do p\u0119tli w Ozorkowie zosta\u0142y ju\u017c tylko dwa przystanki. 18.02.2011<\/p>\n<\/div>\n","protected":false},"excerpt":{"rendered":"<p>Ozork\u00f3w, ul. Wyszy\u0144skiego. 49-letni pojazd z niskopod\u0142ogow\u0105 wstawk\u0105 min\u0105\u0142 ko\u015bci\u00f3\u0142 ewangelicki i za chwil\u0119 zatrzyma si\u0119 na 56. przystanku na swej trasie. Do p\u0119tli w Ozorkowie zosta\u0142y ju\u017c tylko dwa przystanki. 18.02.2011<\/p>\n","protected":false},"author":1,"featured_media":15988,"comment_status":"open","ping_status":"","sticky":false,"template":"","format":"standard","meta":{"footnotes":""},"categories":[77,3],"tags":[866,238,771,1417,1789,27,44,561],"class_list":["post-15987","post","type-post","status-publish","format-standard","has-post-thumbnail","hentry","category-rok-2011","category-tramwaj","tag-2011-02-18","tag-gt8","tag-lodz-linie-podmiejskie","tag-mkt-lodz","tag-ozorkow","tag-polska","tag-snieg","tag-tramwaj-podmiejski"],"_links":{"self":[{"href":"http:\/\/wgphoto.pl\/t\/index.php?rest_route=\/wp\/v2\/posts\/15987","targetHints":{"allow":["GET"]}}],"collection":[{"href":"http:\/\/wgphoto.pl\/t\/index.php?rest_route=\/wp\/v2\/posts"}],"about":[{"href":"http:\/\/wgphoto.pl\/t\/index.php?rest_route=\/wp\/v2\/types\/post"}],"author":[{"embeddable":true,"href":"http:\/\/wgphoto.pl\/t\/index.php?rest_route=\/wp\/v2\/users\/1"}],"replies":[{"embeddable":true,"href":"http:\/\/wgphoto.pl\/t\/index.php?rest_route=%2Fwp%2Fv2%2Fcomments&post=15987"}],"version-history":[{"count":1,"href":"http:\/\/wgphoto.pl\/t\/index.php?rest_route=\/wp\/v2\/posts\/15987\/revisions"}],"predecessor-version":[{"id":15989,"href":"http:\/\/wgphoto.pl\/t\/index.php?rest_route=\/wp\/v2\/posts\/15987\/revisions\/15989"}],"wp:featuredmedia":[{"embeddable":true,"href":"http:\/\/wgphoto.pl\/t\/index.php?rest_route=\/wp\/v2\/media\/15988"}],"wp:attachment":[{"href":"http:\/\/wgphoto.pl\/t\/index.php?rest_route=%2Fwp%2Fv2%2Fmedia&parent=15987"}],"wp:term":[{"taxonomy":"category","embeddable":true,"href":"http:\/\/wgphoto.pl\/t\/index.php?rest_route=%2Fwp%2Fv2%2Fcategories&post=15987"},{"taxonomy":"post_tag","embeddable":true,"href":"http:\/\/wgphoto.pl\/t\/index.php?rest_route=%2Fwp%2Fv2%2Ftags&post=15987"}],"curies":[{"name":"wp","href":"https:\/\/api.w.org\/{rel}","templated":true}]}}