{"id":1600,"date":"2024-10-04T17:11:15","date_gmt":"2024-10-04T15:11:15","guid":{"rendered":"https:\/\/wgphoto.pl\/t\/?p=1600"},"modified":"2024-10-04T17:11:15","modified_gmt":"2024-10-04T15:11:15","slug":"charleroi-sud","status":"publish","type":"post","link":"http:\/\/wgphoto.pl\/t\/?p=1600","title":{"rendered":"Charleroi Sud"},"content":{"rendered":"\n<figure class=\"wp-block-image aligncenter size-full\"><img loading=\"lazy\" decoding=\"async\" width=\"1300\" height=\"870\" src=\"https:\/\/wgphoto.pl\/t\/wp-content\/uploads\/2024\/10\/20200512193717_imgp3341.jpg\" alt=\"\" class=\"wp-image-1601\" srcset=\"http:\/\/wgphoto.pl\/t\/wp-content\/uploads\/2024\/10\/20200512193717_imgp3341.jpg 1300w, http:\/\/wgphoto.pl\/t\/wp-content\/uploads\/2024\/10\/20200512193717_imgp3341-300x201.jpg 300w, http:\/\/wgphoto.pl\/t\/wp-content\/uploads\/2024\/10\/20200512193717_imgp3341-768x514.jpg 768w\" sizes=\"auto, (max-width: 1300px) 100vw, 1300px\" \/><\/figure>\n\n\n\n<div class=\"wp-block-group has-global-padding is-layout-constrained wp-block-group-is-layout-constrained\">\n<p>Wagon nr 7414 podstawia si\u0119 na peron odjazdowy przy dworcu Sud w Charleroi. To g\u0142\u00f3wny w\u0119ze\u0142 przesiadkowy na ca\u0142ej sieci &#8222;lekkiego metra&#8221;. Mo\u017cna tutaj skorzysta\u0107 z wygodnej przesiadki na poci\u0105g lub kt\u00f3ry\u015b z licznych autobus\u00f3w. &#8222;Wie\u017ca kontroli lot\u00f3w&#8221; widoczna w tle to nic innego jak nastawnia na stacji kolejowej.<br>[2010-05-16]<\/p>\n<\/div>\n","protected":false},"excerpt":{"rendered":"<p>Wagon nr 7414 podstawia si\u0119 na peron odjazdowy przy dworcu Sud w Charleroi. To g\u0142\u00f3wny w\u0119ze\u0142 przesiadkowy na ca\u0142ej sieci &#8222;lekkiego metra&#8221;. Mo\u017cna tutaj skorzysta\u0107 z wygodnej przesiadki na poci\u0105g lub kt\u00f3ry\u015b z licznych autobus\u00f3w. &#8222;Wie\u017ca kontroli lot\u00f3w&#8221; widoczna w tle to nic innego jak nastawnia na stacji kolejowej.[2010-05-16]<\/p>\n","protected":false},"author":1,"featured_media":1601,"comment_status":"open","ping_status":"","sticky":false,"template":"","format":"standard","meta":{"footnotes":""},"categories":[4,86,3],"tags":[815,695,814,812,179,813],"class_list":["post-1600","post","type-post","status-publish","format-standard","has-post-thumbnail","hentry","category-metro","category-rok-2010","category-tramwaj","tag-2010-05-16","tag-belgia","tag-bn-lrv","tag-charleroi","tag-hala-peronowa","tag-tec-charleroi"],"_links":{"self":[{"href":"http:\/\/wgphoto.pl\/t\/index.php?rest_route=\/wp\/v2\/posts\/1600","targetHints":{"allow":["GET"]}}],"collection":[{"href":"http:\/\/wgphoto.pl\/t\/index.php?rest_route=\/wp\/v2\/posts"}],"about":[{"href":"http:\/\/wgphoto.pl\/t\/index.php?rest_route=\/wp\/v2\/types\/post"}],"author":[{"embeddable":true,"href":"http:\/\/wgphoto.pl\/t\/index.php?rest_route=\/wp\/v2\/users\/1"}],"replies":[{"embeddable":true,"href":"http:\/\/wgphoto.pl\/t\/index.php?rest_route=%2Fwp%2Fv2%2Fcomments&post=1600"}],"version-history":[{"count":1,"href":"http:\/\/wgphoto.pl\/t\/index.php?rest_route=\/wp\/v2\/posts\/1600\/revisions"}],"predecessor-version":[{"id":1602,"href":"http:\/\/wgphoto.pl\/t\/index.php?rest_route=\/wp\/v2\/posts\/1600\/revisions\/1602"}],"wp:featuredmedia":[{"embeddable":true,"href":"http:\/\/wgphoto.pl\/t\/index.php?rest_route=\/wp\/v2\/media\/1601"}],"wp:attachment":[{"href":"http:\/\/wgphoto.pl\/t\/index.php?rest_route=%2Fwp%2Fv2%2Fmedia&parent=1600"}],"wp:term":[{"taxonomy":"category","embeddable":true,"href":"http:\/\/wgphoto.pl\/t\/index.php?rest_route=%2Fwp%2Fv2%2Fcategories&post=1600"},{"taxonomy":"post_tag","embeddable":true,"href":"http:\/\/wgphoto.pl\/t\/index.php?rest_route=%2Fwp%2Fv2%2Ftags&post=1600"}],"curies":[{"name":"wp","href":"https:\/\/api.w.org\/{rel}","templated":true}]}}