{"id":16018,"date":"2025-04-09T22:05:10","date_gmt":"2025-04-09T20:05:10","guid":{"rendered":"https:\/\/wgphoto.pl\/t\/?p=16018"},"modified":"2025-04-09T22:05:10","modified_gmt":"2025-04-09T20:05:10","slug":"dominacja-niebieskiego","status":"publish","type":"post","link":"http:\/\/wgphoto.pl\/t\/?p=16018","title":{"rendered":"Dominacja niebieskiego"},"content":{"rendered":"\n<figure class=\"wp-block-image aligncenter size-full\"><img loading=\"lazy\" decoding=\"async\" width=\"1050\" height=\"700\" src=\"https:\/\/wgphoto.pl\/t\/wp-content\/uploads\/2025\/04\/dscf7604.jpg\" alt=\"\" class=\"wp-image-16019\" srcset=\"http:\/\/wgphoto.pl\/t\/wp-content\/uploads\/2025\/04\/dscf7604.jpg 1050w, http:\/\/wgphoto.pl\/t\/wp-content\/uploads\/2025\/04\/dscf7604-300x200.jpg 300w, http:\/\/wgphoto.pl\/t\/wp-content\/uploads\/2025\/04\/dscf7604-768x512.jpg 768w\" sizes=\"auto, (max-width: 1050px) 100vw, 1050px\" \/><\/figure>\n\n\n\n<div class=\"wp-block-group has-global-padding is-layout-constrained wp-block-group-is-layout-constrained\">\n<p>Ostrawa, p\u0119tla Hlavn\u00ed n\u00e1dra\u017e\u00ed. Wrzucam \u017ceby pod tagiem Vario LF wisia\u0142o co\u015b wi\u0119cej ni\u017c sam O\u0142omuniec i jednocze\u015bnie aby pokaza\u0107, \u017ce ta konstrukcja wcale nie jest \u017cadn\u0105 nowo\u015bci\u0105 &#8211; Ostrawa kupowa\u0142a takie wozy ju\u017c 10 lat temu. 23.09.2008<\/p>\n<\/div>\n","protected":false},"excerpt":{"rendered":"<p>Ostrawa, p\u0119tla Hlavn\u00ed n\u00e1dra\u017e\u00ed. Wrzucam \u017ceby pod tagiem Vario LF wisia\u0142o co\u015b wi\u0119cej ni\u017c sam O\u0142omuniec i jednocze\u015bnie aby pokaza\u0107, \u017ce ta konstrukcja wcale nie jest \u017cadn\u0105 nowo\u015bci\u0105 &#8211; Ostrawa kupowa\u0142a takie wozy ju\u017c 10 lat temu. 23.09.2008<\/p>\n","protected":false},"author":1,"featured_media":16019,"comment_status":"open","ping_status":"","sticky":false,"template":"","format":"standard","meta":{"footnotes":""},"categories":[120,3],"tags":[1742,49,899,897,380,1243],"class_list":["post-16018","post","type-post","status-publish","format-standard","has-post-thumbnail","hentry","category-rok-2008","category-tramwaj","tag-2008-09-23","tag-czechy","tag-dp-ostrava","tag-ostrawa","tag-spod-dworca","tag-vario-lf"],"_links":{"self":[{"href":"http:\/\/wgphoto.pl\/t\/index.php?rest_route=\/wp\/v2\/posts\/16018","targetHints":{"allow":["GET"]}}],"collection":[{"href":"http:\/\/wgphoto.pl\/t\/index.php?rest_route=\/wp\/v2\/posts"}],"about":[{"href":"http:\/\/wgphoto.pl\/t\/index.php?rest_route=\/wp\/v2\/types\/post"}],"author":[{"embeddable":true,"href":"http:\/\/wgphoto.pl\/t\/index.php?rest_route=\/wp\/v2\/users\/1"}],"replies":[{"embeddable":true,"href":"http:\/\/wgphoto.pl\/t\/index.php?rest_route=%2Fwp%2Fv2%2Fcomments&post=16018"}],"version-history":[{"count":1,"href":"http:\/\/wgphoto.pl\/t\/index.php?rest_route=\/wp\/v2\/posts\/16018\/revisions"}],"predecessor-version":[{"id":16020,"href":"http:\/\/wgphoto.pl\/t\/index.php?rest_route=\/wp\/v2\/posts\/16018\/revisions\/16020"}],"wp:featuredmedia":[{"embeddable":true,"href":"http:\/\/wgphoto.pl\/t\/index.php?rest_route=\/wp\/v2\/media\/16019"}],"wp:attachment":[{"href":"http:\/\/wgphoto.pl\/t\/index.php?rest_route=%2Fwp%2Fv2%2Fmedia&parent=16018"}],"wp:term":[{"taxonomy":"category","embeddable":true,"href":"http:\/\/wgphoto.pl\/t\/index.php?rest_route=%2Fwp%2Fv2%2Fcategories&post=16018"},{"taxonomy":"post_tag","embeddable":true,"href":"http:\/\/wgphoto.pl\/t\/index.php?rest_route=%2Fwp%2Fv2%2Ftags&post=16018"}],"curies":[{"name":"wp","href":"https:\/\/api.w.org\/{rel}","templated":true}]}}