{"id":16021,"date":"2025-04-09T22:06:04","date_gmt":"2025-04-09T20:06:04","guid":{"rendered":"https:\/\/wgphoto.pl\/t\/?p=16021"},"modified":"2025-04-09T22:06:04","modified_gmt":"2025-04-09T20:06:04","slug":"sp32-208","status":"publish","type":"post","link":"http:\/\/wgphoto.pl\/t\/?p=16021","title":{"rendered":"SP32-208"},"content":{"rendered":"\n<figure class=\"wp-block-image aligncenter size-full\"><img loading=\"lazy\" decoding=\"async\" width=\"1050\" height=\"700\" src=\"https:\/\/wgphoto.pl\/t\/wp-content\/uploads\/2025\/04\/dscf8410.jpg\" alt=\"\" class=\"wp-image-16022\" srcset=\"http:\/\/wgphoto.pl\/t\/wp-content\/uploads\/2025\/04\/dscf8410.jpg 1050w, http:\/\/wgphoto.pl\/t\/wp-content\/uploads\/2025\/04\/dscf8410-300x200.jpg 300w, http:\/\/wgphoto.pl\/t\/wp-content\/uploads\/2025\/04\/dscf8410-768x512.jpg 768w\" sizes=\"auto, (max-width: 1050px) 100vw, 1050px\" \/><\/figure>\n\n\n\n<div class=\"wp-block-group has-global-padding is-layout-constrained wp-block-group-is-layout-constrained\">\n<p>Poci\u0105g osobowy &#8222;Wilczek&#8221; relacji Wroc\u0142aw G\u0142. &#8211; Kudowa-Zdr\u00f3j wlecze si\u0119 20 km\/h z Polanicy do Szczytnej. 29.03.2009<\/p>\n<\/div>\n","protected":false},"excerpt":{"rendered":"<p>Poci\u0105g osobowy &#8222;Wilczek&#8221; relacji Wroc\u0142aw G\u0142. &#8211; Kudowa-Zdr\u00f3j wlecze si\u0119 20 km\/h z Polanicy do Szczytnej. 29.03.2009<\/p>\n","protected":false},"author":1,"featured_media":16022,"comment_status":"open","ping_status":"","sticky":false,"template":"","format":"standard","meta":{"footnotes":""},"categories":[2,120],"tags":[1575,63,1946,27,385,2207,383],"class_list":["post-16021","post","type-post","status-publish","format-standard","has-post-thumbnail","hentry","category-kolej","category-rok-2008","tag-2009-03-29","tag-pkp","tag-polanica-zdroj","tag-polska","tag-sp32","tag-szczytna","tag-tab-pl230"],"_links":{"self":[{"href":"http:\/\/wgphoto.pl\/t\/index.php?rest_route=\/wp\/v2\/posts\/16021","targetHints":{"allow":["GET"]}}],"collection":[{"href":"http:\/\/wgphoto.pl\/t\/index.php?rest_route=\/wp\/v2\/posts"}],"about":[{"href":"http:\/\/wgphoto.pl\/t\/index.php?rest_route=\/wp\/v2\/types\/post"}],"author":[{"embeddable":true,"href":"http:\/\/wgphoto.pl\/t\/index.php?rest_route=\/wp\/v2\/users\/1"}],"replies":[{"embeddable":true,"href":"http:\/\/wgphoto.pl\/t\/index.php?rest_route=%2Fwp%2Fv2%2Fcomments&post=16021"}],"version-history":[{"count":1,"href":"http:\/\/wgphoto.pl\/t\/index.php?rest_route=\/wp\/v2\/posts\/16021\/revisions"}],"predecessor-version":[{"id":16023,"href":"http:\/\/wgphoto.pl\/t\/index.php?rest_route=\/wp\/v2\/posts\/16021\/revisions\/16023"}],"wp:featuredmedia":[{"embeddable":true,"href":"http:\/\/wgphoto.pl\/t\/index.php?rest_route=\/wp\/v2\/media\/16022"}],"wp:attachment":[{"href":"http:\/\/wgphoto.pl\/t\/index.php?rest_route=%2Fwp%2Fv2%2Fmedia&parent=16021"}],"wp:term":[{"taxonomy":"category","embeddable":true,"href":"http:\/\/wgphoto.pl\/t\/index.php?rest_route=%2Fwp%2Fv2%2Fcategories&post=16021"},{"taxonomy":"post_tag","embeddable":true,"href":"http:\/\/wgphoto.pl\/t\/index.php?rest_route=%2Fwp%2Fv2%2Ftags&post=16021"}],"curies":[{"name":"wp","href":"https:\/\/api.w.org\/{rel}","templated":true}]}}