{"id":16122,"date":"2025-04-10T16:53:15","date_gmt":"2025-04-10T14:53:15","guid":{"rendered":"https:\/\/wgphoto.pl\/t\/?p=16122"},"modified":"2025-04-10T16:53:15","modified_gmt":"2025-04-10T14:53:15","slug":"pocztowka-z-porto","status":"publish","type":"post","link":"http:\/\/wgphoto.pl\/t\/?p=16122","title":{"rendered":"Poczt\u00f3wka z Porto"},"content":{"rendered":"\n<figure class=\"wp-block-image aligncenter size-full\"><img loading=\"lazy\" decoding=\"async\" width=\"1200\" height=\"800\" src=\"https:\/\/wgphoto.pl\/t\/wp-content\/uploads\/2025\/04\/IMGP6395.jpg\" alt=\"\" class=\"wp-image-16123\" srcset=\"http:\/\/wgphoto.pl\/t\/wp-content\/uploads\/2025\/04\/IMGP6395.jpg 1200w, http:\/\/wgphoto.pl\/t\/wp-content\/uploads\/2025\/04\/IMGP6395-300x200.jpg 300w, http:\/\/wgphoto.pl\/t\/wp-content\/uploads\/2025\/04\/IMGP6395-768x512.jpg 768w\" sizes=\"auto, (max-width: 1200px) 100vw, 1200px\" \/><\/figure>\n\n\n\n<div class=\"wp-block-group has-global-padding is-layout-constrained wp-block-group-is-layout-constrained\">\n<p>S\u0142ynnym mostem Ludwika I przeje\u017cd\u017ca powoli 70-metrowy sk\u0142ad metra linii D. Foto powsta\u0142o z lewego brzegu rzeki Douro, a wi\u0119c administracyjnie w\u0142a\u015bciwie z miejscowo\u015bci Vila Nova de Gaia. 2018-02-19<\/p>\n<\/div>\n","protected":false},"excerpt":{"rendered":"<p>S\u0142ynnym mostem Ludwika I przeje\u017cd\u017ca powoli 70-metrowy sk\u0142ad metra linii D. Foto powsta\u0142o z lewego brzegu rzeki Douro, a wi\u0119c administracyjnie w\u0142a\u015bciwie z miejscowo\u015bci Vila Nova de Gaia. 2018-02-19<\/p>\n","protected":false},"author":1,"featured_media":16123,"comment_status":"open","ping_status":"","sticky":false,"template":"","format":"standard","meta":{"footnotes":""},"categories":[156,3],"tags":[1185,502,504,45,143,503,297,505],"class_list":["post-16122","post","type-post","status-publish","format-standard","has-post-thumbnail","hentry","category-rok-2018","category-tramwaj","tag-2018-02-19","tag-eurotram","tag-metro-do-porto","tag-most","tag-ponad-30m","tag-porto","tag-portugalia","tag-portugalia-2018"],"_links":{"self":[{"href":"http:\/\/wgphoto.pl\/t\/index.php?rest_route=\/wp\/v2\/posts\/16122","targetHints":{"allow":["GET"]}}],"collection":[{"href":"http:\/\/wgphoto.pl\/t\/index.php?rest_route=\/wp\/v2\/posts"}],"about":[{"href":"http:\/\/wgphoto.pl\/t\/index.php?rest_route=\/wp\/v2\/types\/post"}],"author":[{"embeddable":true,"href":"http:\/\/wgphoto.pl\/t\/index.php?rest_route=\/wp\/v2\/users\/1"}],"replies":[{"embeddable":true,"href":"http:\/\/wgphoto.pl\/t\/index.php?rest_route=%2Fwp%2Fv2%2Fcomments&post=16122"}],"version-history":[{"count":1,"href":"http:\/\/wgphoto.pl\/t\/index.php?rest_route=\/wp\/v2\/posts\/16122\/revisions"}],"predecessor-version":[{"id":16124,"href":"http:\/\/wgphoto.pl\/t\/index.php?rest_route=\/wp\/v2\/posts\/16122\/revisions\/16124"}],"wp:featuredmedia":[{"embeddable":true,"href":"http:\/\/wgphoto.pl\/t\/index.php?rest_route=\/wp\/v2\/media\/16123"}],"wp:attachment":[{"href":"http:\/\/wgphoto.pl\/t\/index.php?rest_route=%2Fwp%2Fv2%2Fmedia&parent=16122"}],"wp:term":[{"taxonomy":"category","embeddable":true,"href":"http:\/\/wgphoto.pl\/t\/index.php?rest_route=%2Fwp%2Fv2%2Fcategories&post=16122"},{"taxonomy":"post_tag","embeddable":true,"href":"http:\/\/wgphoto.pl\/t\/index.php?rest_route=%2Fwp%2Fv2%2Ftags&post=16122"}],"curies":[{"name":"wp","href":"https:\/\/api.w.org\/{rel}","templated":true}]}}