{"id":16128,"date":"2025-04-10T16:56:15","date_gmt":"2025-04-10T14:56:15","guid":{"rendered":"https:\/\/wgphoto.pl\/t\/?p=16128"},"modified":"2025-04-10T16:56:15","modified_gmt":"2025-04-10T14:56:15","slug":"sa102-001-w-lwowku","status":"publish","type":"post","link":"http:\/\/wgphoto.pl\/t\/?p=16128","title":{"rendered":"SA102-001 w Lw\u00f3wku"},"content":{"rendered":"\n<figure class=\"wp-block-image aligncenter size-full\"><img loading=\"lazy\" decoding=\"async\" width=\"1200\" height=\"675\" src=\"https:\/\/wgphoto.pl\/t\/wp-content\/uploads\/2025\/04\/0412-28.jpg\" alt=\"\" class=\"wp-image-16129\" srcset=\"http:\/\/wgphoto.pl\/t\/wp-content\/uploads\/2025\/04\/0412-28.jpg 1200w, http:\/\/wgphoto.pl\/t\/wp-content\/uploads\/2025\/04\/0412-28-300x169.jpg 300w, http:\/\/wgphoto.pl\/t\/wp-content\/uploads\/2025\/04\/0412-28-768x432.jpg 768w\" sizes=\"auto, (max-width: 1200px) 100vw, 1200px\" \/><\/figure>\n\n\n\n<div class=\"wp-block-group has-global-padding is-layout-constrained wp-block-group-is-layout-constrained\">\n<p>Poci\u0105g osobowy do Jeleniej G\u00f3ry oczekuje pory odjazdu z Lw\u00f3wka \u015al\u0105skiego. Zdecydowa\u0142em si\u0119 na wersj\u0119 czarno-bia\u0142\u0105, gdy\u017c kolorystyka tego knota pod s\u0142o\u0144ce jest nie do uratowania. 17.07.2004<\/p>\n<\/div>\n","protected":false},"excerpt":{"rendered":"<p>Poci\u0105g osobowy do Jeleniej G\u00f3ry oczekuje pory odjazdu z Lw\u00f3wka \u015al\u0105skiego. Zdecydowa\u0142em si\u0119 na wersj\u0119 czarno-bia\u0142\u0105, gdy\u017c kolorystyka tego knota pod s\u0142o\u0144ce jest nie do uratowania. 17.07.2004<\/p>\n","protected":false},"author":1,"featured_media":16129,"comment_status":"open","ping_status":"","sticky":false,"template":"","format":"standard","meta":{"footnotes":""},"categories":[62,2,61],"tags":[2093,845,2094,63,27,628,363],"class_list":["post-16128","post","type-post","status-publish","format-standard","has-post-thumbnail","hentry","category-analog","category-kolej","category-rok-2004","tag-2004-07-17","tag-czarno-biale","tag-lwowek-slaski","tag-pkp","tag-polska","tag-sa102","tag-tab-pl250"],"_links":{"self":[{"href":"http:\/\/wgphoto.pl\/t\/index.php?rest_route=\/wp\/v2\/posts\/16128","targetHints":{"allow":["GET"]}}],"collection":[{"href":"http:\/\/wgphoto.pl\/t\/index.php?rest_route=\/wp\/v2\/posts"}],"about":[{"href":"http:\/\/wgphoto.pl\/t\/index.php?rest_route=\/wp\/v2\/types\/post"}],"author":[{"embeddable":true,"href":"http:\/\/wgphoto.pl\/t\/index.php?rest_route=\/wp\/v2\/users\/1"}],"replies":[{"embeddable":true,"href":"http:\/\/wgphoto.pl\/t\/index.php?rest_route=%2Fwp%2Fv2%2Fcomments&post=16128"}],"version-history":[{"count":1,"href":"http:\/\/wgphoto.pl\/t\/index.php?rest_route=\/wp\/v2\/posts\/16128\/revisions"}],"predecessor-version":[{"id":16130,"href":"http:\/\/wgphoto.pl\/t\/index.php?rest_route=\/wp\/v2\/posts\/16128\/revisions\/16130"}],"wp:featuredmedia":[{"embeddable":true,"href":"http:\/\/wgphoto.pl\/t\/index.php?rest_route=\/wp\/v2\/media\/16129"}],"wp:attachment":[{"href":"http:\/\/wgphoto.pl\/t\/index.php?rest_route=%2Fwp%2Fv2%2Fmedia&parent=16128"}],"wp:term":[{"taxonomy":"category","embeddable":true,"href":"http:\/\/wgphoto.pl\/t\/index.php?rest_route=%2Fwp%2Fv2%2Fcategories&post=16128"},{"taxonomy":"post_tag","embeddable":true,"href":"http:\/\/wgphoto.pl\/t\/index.php?rest_route=%2Fwp%2Fv2%2Ftags&post=16128"}],"curies":[{"name":"wp","href":"https:\/\/api.w.org\/{rel}","templated":true}]}}