{"id":16185,"date":"2025-04-10T17:24:10","date_gmt":"2025-04-10T15:24:10","guid":{"rendered":"https:\/\/wgphoto.pl\/t\/?p=16185"},"modified":"2025-04-10T17:24:10","modified_gmt":"2025-04-10T15:24:10","slug":"380-011-bezpravi-usti-nad-orlici","status":"publish","type":"post","link":"http:\/\/wgphoto.pl\/t\/?p=16185","title":{"rendered":"380.011, Bezpr\u00e1v\u00ed \u2013 \u00dast\u00ed nad Orlic\u00ed"},"content":{"rendered":"\n<figure class=\"wp-block-image aligncenter size-full\"><img loading=\"lazy\" decoding=\"async\" width=\"800\" height=\"1195\" src=\"https:\/\/wgphoto.pl\/t\/wp-content\/uploads\/2025\/04\/IMGP7850.jpg\" alt=\"\" class=\"wp-image-16186\" srcset=\"http:\/\/wgphoto.pl\/t\/wp-content\/uploads\/2025\/04\/IMGP7850.jpg 800w, http:\/\/wgphoto.pl\/t\/wp-content\/uploads\/2025\/04\/IMGP7850-201x300.jpg 201w, http:\/\/wgphoto.pl\/t\/wp-content\/uploads\/2025\/04\/IMGP7850-768x1147.jpg 768w\" sizes=\"auto, (max-width: 800px) 100vw, 800px\" \/><\/figure>\n\n\n\n<div class=\"wp-block-group has-global-padding is-layout-constrained wp-block-group-is-layout-constrained\">\n<p>380.011 z poci\u0105giem EC111 &#8222;Praha&#8221; z Pragi do Warszawy przemierza kr\u0119ty odcinek z Bezpr\u00e1v\u00ed do \u00dast\u00ed nad Orlic\u00ed. 20.04.2012<\/p>\n<\/div>\n","protected":false},"excerpt":{"rendered":"<p>380.011 z poci\u0105giem EC111 &#8222;Praha&#8221; z Pragi do Warszawy przemierza kr\u0119ty odcinek z Bezpr\u00e1v\u00ed do \u00dast\u00ed nad Orlic\u00ed. 20.04.2012<\/p>\n","protected":false},"author":1,"featured_media":16186,"comment_status":"open","ping_status":"","sticky":false,"template":"","format":"standard","meta":{"footnotes":""},"categories":[2,46],"tags":[2796,1378,1713,50,49,118,1375,87],"class_list":["post-16185","post","type-post","status-publish","format-standard","has-post-thumbnail","hentry","category-kolej","category-rok-2012","tag-2012-04-20","tag-1378","tag-bezpravi","tag-cd","tag-czechy","tag-plany-i-profile","tag-tab-cz010","tag-usti-nad-orlici"],"_links":{"self":[{"href":"http:\/\/wgphoto.pl\/t\/index.php?rest_route=\/wp\/v2\/posts\/16185","targetHints":{"allow":["GET"]}}],"collection":[{"href":"http:\/\/wgphoto.pl\/t\/index.php?rest_route=\/wp\/v2\/posts"}],"about":[{"href":"http:\/\/wgphoto.pl\/t\/index.php?rest_route=\/wp\/v2\/types\/post"}],"author":[{"embeddable":true,"href":"http:\/\/wgphoto.pl\/t\/index.php?rest_route=\/wp\/v2\/users\/1"}],"replies":[{"embeddable":true,"href":"http:\/\/wgphoto.pl\/t\/index.php?rest_route=%2Fwp%2Fv2%2Fcomments&post=16185"}],"version-history":[{"count":1,"href":"http:\/\/wgphoto.pl\/t\/index.php?rest_route=\/wp\/v2\/posts\/16185\/revisions"}],"predecessor-version":[{"id":16187,"href":"http:\/\/wgphoto.pl\/t\/index.php?rest_route=\/wp\/v2\/posts\/16185\/revisions\/16187"}],"wp:featuredmedia":[{"embeddable":true,"href":"http:\/\/wgphoto.pl\/t\/index.php?rest_route=\/wp\/v2\/media\/16186"}],"wp:attachment":[{"href":"http:\/\/wgphoto.pl\/t\/index.php?rest_route=%2Fwp%2Fv2%2Fmedia&parent=16185"}],"wp:term":[{"taxonomy":"category","embeddable":true,"href":"http:\/\/wgphoto.pl\/t\/index.php?rest_route=%2Fwp%2Fv2%2Fcategories&post=16185"},{"taxonomy":"post_tag","embeddable":true,"href":"http:\/\/wgphoto.pl\/t\/index.php?rest_route=%2Fwp%2Fv2%2Ftags&post=16185"}],"curies":[{"name":"wp","href":"https:\/\/api.w.org\/{rel}","templated":true}]}}