{"id":16237,"date":"2025-04-13T23:07:55","date_gmt":"2025-04-13T21:07:55","guid":{"rendered":"https:\/\/wgphoto.pl\/t\/?p=16237"},"modified":"2025-04-13T23:07:55","modified_gmt":"2025-04-13T21:07:55","slug":"przedwiosnie-2","status":"publish","type":"post","link":"http:\/\/wgphoto.pl\/t\/?p=16237","title":{"rendered":"Przedwio\u015bnie"},"content":{"rendered":"\n<figure class=\"wp-block-image aligncenter size-full\"><img loading=\"lazy\" decoding=\"async\" width=\"1200\" height=\"795\" src=\"https:\/\/wgphoto.pl\/t\/wp-content\/uploads\/2025\/04\/IMGP3918.jpg\" alt=\"\" class=\"wp-image-16238\" srcset=\"http:\/\/wgphoto.pl\/t\/wp-content\/uploads\/2025\/04\/IMGP3918.jpg 1200w, http:\/\/wgphoto.pl\/t\/wp-content\/uploads\/2025\/04\/IMGP3918-300x199.jpg 300w, http:\/\/wgphoto.pl\/t\/wp-content\/uploads\/2025\/04\/IMGP3918-768x509.jpg 768w\" sizes=\"auto, (max-width: 1200px) 100vw, 1200px\" \/><\/figure>\n\n\n\n<div class=\"wp-block-group has-global-padding is-layout-constrained wp-block-group-is-layout-constrained\">\n<p>Poci\u0105g osobowy ze Szklarskiej Por\u0119by G\u00f3rnej do Liberca odje\u017cd\u017ca z Dolnego Polubnego. 20.03.2016<\/p>\n<\/div>\n","protected":false},"excerpt":{"rendered":"<p>Poci\u0105g osobowy ze Szklarskiej Por\u0119by G\u00f3rnej do Liberca odje\u017cd\u017ca z Dolnego Polubnego. 20.03.2016<\/p>\n","protected":false},"author":1,"featured_media":16238,"comment_status":"open","ping_status":"","sticky":false,"template":"","format":"standard","meta":{"footnotes":""},"categories":[2,125],"tags":[3444,1601,50,49,3445,173,1599,936,15],"class_list":["post-16237","post","type-post","status-publish","format-standard","has-post-thumbnail","hentry","category-kolej","category-rok-2016","tag-2016-03-20","tag-1601","tag-cd","tag-czechy","tag-dolni-polubny","tag-koncowki","tag-stadler-regio-shuttle","tag-tab-cz036","tag-tunel"],"_links":{"self":[{"href":"http:\/\/wgphoto.pl\/t\/index.php?rest_route=\/wp\/v2\/posts\/16237","targetHints":{"allow":["GET"]}}],"collection":[{"href":"http:\/\/wgphoto.pl\/t\/index.php?rest_route=\/wp\/v2\/posts"}],"about":[{"href":"http:\/\/wgphoto.pl\/t\/index.php?rest_route=\/wp\/v2\/types\/post"}],"author":[{"embeddable":true,"href":"http:\/\/wgphoto.pl\/t\/index.php?rest_route=\/wp\/v2\/users\/1"}],"replies":[{"embeddable":true,"href":"http:\/\/wgphoto.pl\/t\/index.php?rest_route=%2Fwp%2Fv2%2Fcomments&post=16237"}],"version-history":[{"count":1,"href":"http:\/\/wgphoto.pl\/t\/index.php?rest_route=\/wp\/v2\/posts\/16237\/revisions"}],"predecessor-version":[{"id":16239,"href":"http:\/\/wgphoto.pl\/t\/index.php?rest_route=\/wp\/v2\/posts\/16237\/revisions\/16239"}],"wp:featuredmedia":[{"embeddable":true,"href":"http:\/\/wgphoto.pl\/t\/index.php?rest_route=\/wp\/v2\/media\/16238"}],"wp:attachment":[{"href":"http:\/\/wgphoto.pl\/t\/index.php?rest_route=%2Fwp%2Fv2%2Fmedia&parent=16237"}],"wp:term":[{"taxonomy":"category","embeddable":true,"href":"http:\/\/wgphoto.pl\/t\/index.php?rest_route=%2Fwp%2Fv2%2Fcategories&post=16237"},{"taxonomy":"post_tag","embeddable":true,"href":"http:\/\/wgphoto.pl\/t\/index.php?rest_route=%2Fwp%2Fv2%2Ftags&post=16237"}],"curies":[{"name":"wp","href":"https:\/\/api.w.org\/{rel}","templated":true}]}}