{"id":16312,"date":"2025-04-16T18:18:17","date_gmt":"2025-04-16T16:18:17","guid":{"rendered":"https:\/\/wgphoto.pl\/t\/?p=16312"},"modified":"2025-04-16T18:18:17","modified_gmt":"2025-04-16T16:18:17","slug":"wielkanocny-kadr-z-tramwajem","status":"publish","type":"post","link":"http:\/\/wgphoto.pl\/t\/?p=16312","title":{"rendered":"Wielkanocny kadr z tramwajem"},"content":{"rendered":"\n<figure class=\"wp-block-image aligncenter size-full\"><img loading=\"lazy\" decoding=\"async\" width=\"1200\" height=\"800\" src=\"https:\/\/wgphoto.pl\/t\/wp-content\/uploads\/2025\/04\/IMGP4728.jpg\" alt=\"\" class=\"wp-image-16313\" srcset=\"http:\/\/wgphoto.pl\/t\/wp-content\/uploads\/2025\/04\/IMGP4728.jpg 1200w, http:\/\/wgphoto.pl\/t\/wp-content\/uploads\/2025\/04\/IMGP4728-300x200.jpg 300w, http:\/\/wgphoto.pl\/t\/wp-content\/uploads\/2025\/04\/IMGP4728-768x512.jpg 768w\" sizes=\"auto, (max-width: 1200px) 100vw, 1200px\" \/><\/figure>\n\n\n\n<div class=\"wp-block-group has-global-padding is-layout-constrained wp-block-group-is-layout-constrained\">\n<p>Mediolan, Corso di Porta Ticinese. Fiat mija ruiny ko\u015bcio\u0142a, na kt\u00f3rego \u015bcianie troch\u0119 dziwnie wygl\u0105da wyj\u0105tkowo dobrze zachowany (lub odrestaurowany) obraz Chrystusa ukrzy\u017cowanego. 23.10.2017<\/p>\n<\/div>\n","protected":false},"excerpt":{"rendered":"<p>Mediolan, Corso di Porta Ticinese. Fiat mija ruiny ko\u015bcio\u0142a, na kt\u00f3rego \u015bcianie troch\u0119 dziwnie wygl\u0105da wyj\u0105tkowo dobrze zachowany (lub odrestaurowany) obraz Chrystusa ukrzy\u017cowanego. 23.10.2017<\/p>\n","protected":false},"author":1,"featured_media":16313,"comment_status":"open","ping_status":"","sticky":false,"template":"","format":"standard","meta":{"footnotes":""},"categories":[368,3],"tags":[836,34,834,833,835,832,110],"class_list":["post-16312","post","type-post","status-publish","format-standard","has-post-thumbnail","hentry","category-rok-2017","category-tramwaj","tag-2017-10-23","tag-architektura","tag-atm-milano","tag-fiat-m8","tag-mediolan","tag-mediolan-2017","tag-wlochy"],"_links":{"self":[{"href":"http:\/\/wgphoto.pl\/t\/index.php?rest_route=\/wp\/v2\/posts\/16312","targetHints":{"allow":["GET"]}}],"collection":[{"href":"http:\/\/wgphoto.pl\/t\/index.php?rest_route=\/wp\/v2\/posts"}],"about":[{"href":"http:\/\/wgphoto.pl\/t\/index.php?rest_route=\/wp\/v2\/types\/post"}],"author":[{"embeddable":true,"href":"http:\/\/wgphoto.pl\/t\/index.php?rest_route=\/wp\/v2\/users\/1"}],"replies":[{"embeddable":true,"href":"http:\/\/wgphoto.pl\/t\/index.php?rest_route=%2Fwp%2Fv2%2Fcomments&post=16312"}],"version-history":[{"count":1,"href":"http:\/\/wgphoto.pl\/t\/index.php?rest_route=\/wp\/v2\/posts\/16312\/revisions"}],"predecessor-version":[{"id":16314,"href":"http:\/\/wgphoto.pl\/t\/index.php?rest_route=\/wp\/v2\/posts\/16312\/revisions\/16314"}],"wp:featuredmedia":[{"embeddable":true,"href":"http:\/\/wgphoto.pl\/t\/index.php?rest_route=\/wp\/v2\/media\/16313"}],"wp:attachment":[{"href":"http:\/\/wgphoto.pl\/t\/index.php?rest_route=%2Fwp%2Fv2%2Fmedia&parent=16312"}],"wp:term":[{"taxonomy":"category","embeddable":true,"href":"http:\/\/wgphoto.pl\/t\/index.php?rest_route=%2Fwp%2Fv2%2Fcategories&post=16312"},{"taxonomy":"post_tag","embeddable":true,"href":"http:\/\/wgphoto.pl\/t\/index.php?rest_route=%2Fwp%2Fv2%2Ftags&post=16312"}],"curies":[{"name":"wp","href":"https:\/\/api.w.org\/{rel}","templated":true}]}}